{"id":200572,"date":"2026-06-11T05:55:10","date_gmt":"2026-06-11T05:55:10","guid":{"rendered":"https:\/\/www.europesays.com\/ee\/200572\/"},"modified":"2026-06-11T05:55:10","modified_gmt":"2026-06-11T05:55:10","slug":"renee-meriste-erakondade-moju-err-i-juhtimises-saab-vahendada-kui-noukogusse-kuuluksid-koigi-ulikoolide-esindajad-2","status":"publish","type":"post","link":"https:\/\/www.europesays.com\/ee\/200572\/","title":{"rendered":"Renee Meriste: erakondade m\u00f5ju ERR-i juhtimises saab v\u00e4hendada, kui n\u00f5ukogusse kuuluksid k\u00f5igi \u00fclikoolide esindajad"},"content":{"rendered":"<p>ERR-i n\u00f5ukogu koosseis kujuneb t\u00e4na suuresti poliitiliste j\u00f5ujoonte alusel, kus seaduse j\u00e4rgi on esindatud k\u00f5ik riigikogu fraktsioonid. Nende, t\u00e4na kuue poliitilise j\u00f5u esindaja k\u00f5rval kuuluvad ERR-i n\u00f5ukogusse ka neli meediavaldkonna eksperti. Erialaste kompetentside kaasamine olulise avalik-\u00f5igusliku institutsiooni juhtimisse on kahtlemata vajalik ja oluline, kuid senine juhtimismudel on aastate jooksul toonud kaasa korduvaid vaidlusi n\u00f5ukogu politiseerituse \u00fcle.<\/p>\n<p>Kuidas erakondlike tagatubade m\u00f5ju ERR-i juhtimises v\u00e4hendada ning selle asemel suurendada teadmistep\u00f5hist tasakaalustatud vaadet? Eestis tegutseb kuus avalik-\u00f5iguslikku \u00fclikooli. Anname igale \u00fclikoolile \u00f5igus nimetada \u00fcks esindaja ERR-i n\u00f5ukogusse. Nii oleks n\u00f5ukogus esindatud teaduslik m\u00f5tlemine, akadeemiline s\u00f5ltumatus, pikaajaline vaade ning erinevate valdkondade kompetents.<\/p>\n<p>Oled juba tellija?Logi sisse<\/p>\n<p><a href=\"https:\/\/arvamus.delfi.ee\/artikkel\/120589901\/renee-meriste-erakondade-moju-err-i-juhtimises-saab-vahendada-kui-noukogusse-kuuluksid-koigi-ulikoolide-esindajad\/\/kommentaarid\" class=\"article-body-bottom__comment article-body-bottom__comment--write button button--primary button--size-auto\" rel=\"nofollow noopener\" target=\"_blank\"> Kommenteeri <\/a><a href=\"https:\/\/arvamus.delfi.ee\/artikkel\/120589901\/renee-meriste-erakondade-moju-err-i-juhtimises-saab-vahendada-kui-noukogusse-kuuluksid-koigi-ulikoolide-esindajad\/\/kommentaarid\" class=\"article-body-bottom__comment article-body-bottom__comment--read button button--size-auto\" rel=\"nofollow noopener\" target=\"_blank\"> Loe kommentaare (47)<\/a><\/p>\n","protected":false},"excerpt":{"rendered":"ERR-i n\u00f5ukogu koosseis kujuneb t\u00e4na suuresti poliitiliste j\u00f5ujoonte alusel, kus seaduse j\u00e4rgi on esindatud k\u00f5ik riigikogu fraktsioonid. Nende,&hellip;\n","protected":false},"author":2,"featured_media":200025,"comment_status":"","ping_status":"","sticky":false,"template":"","format":"standard","meta":{"footnotes":"","_share_on_mastodon":"0"},"categories":[5],"tags":[26,27,37,33,35,3061,20712,34,36,31,32,21,28,29,19,25,23,24,22,4242,20,30],"class_list":["post-200572","post","type-post","status-publish","format-standard","has-post-thumbnail","category-uldised-uudised","tag-breaking-news","tag-breakingnews","tag-ee","tag-eesti","tag-eesti-keel","tag-eesti-rahvusringhaaling","tag-err-i-noukogu","tag-estonia","tag-estonian","tag-featured-news","tag-featurednews","tag-headlines","tag-latest-news","tag-latestnews","tag-news","tag-populaarseimad-lood","tag-top-stories","tag-topstories","tag-uldised-uudised","tag-ulikoolid","tag-uudised","tag-viimased-uudised"],"share_on_mastodon":{"url":"https:\/\/pubeurope.com\/@ee\/116729932918054617","error":""},"_links":{"self":[{"href":"https:\/\/www.europesays.com\/ee\/wp-json\/wp\/v2\/posts\/200572","targetHints":{"allow":["GET"]}}],"collection":[{"href":"https:\/\/www.europesays.com\/ee\/wp-json\/wp\/v2\/posts"}],"about":[{"href":"https:\/\/www.europesays.com\/ee\/wp-json\/wp\/v2\/types\/post"}],"author":[{"embeddable":true,"href":"https:\/\/www.europesays.com\/ee\/wp-json\/wp\/v2\/users\/2"}],"replies":[{"embeddable":true,"href":"https:\/\/www.europesays.com\/ee\/wp-json\/wp\/v2\/comments?post=200572"}],"version-history":[{"count":0,"href":"https:\/\/www.europesays.com\/ee\/wp-json\/wp\/v2\/posts\/200572\/revisions"}],"wp:featuredmedia":[{"embeddable":true,"href":"https:\/\/www.europesays.com\/ee\/wp-json\/wp\/v2\/media\/200025"}],"wp:attachment":[{"href":"https:\/\/www.europesays.com\/ee\/wp-json\/wp\/v2\/media?parent=200572"}],"wp:term":[{"taxonomy":"category","embeddable":true,"href":"https:\/\/www.europesays.com\/ee\/wp-json\/wp\/v2\/categories?post=200572"},{"taxonomy":"post_tag","embeddable":true,"href":"https:\/\/www.europesays.com\/ee\/wp-json\/wp\/v2\/tags?post=200572"}],"curies":[{"name":"wp","href":"https:\/\/api.w.org\/{rel}","templated":true}]}}