{"id":200663,"date":"2026-06-11T07:32:33","date_gmt":"2026-06-11T07:32:33","guid":{"rendered":"https:\/\/www.europesays.com\/ee\/200663\/"},"modified":"2026-06-11T07:32:33","modified_gmt":"2026-06-11T07:32:33","slug":"soome-metsanduskontsern-koondab-100-ametikohta-karped-puudutavad-ka-nende-parnu-tehast","status":"publish","type":"post","link":"https:\/\/www.europesays.com\/ee\/200663\/","title":{"rendered":"Soome metsanduskontsern koondab 100 ametikohta. K\u00e4rped puudutavad ka nende P\u00e4rnu tehast"},"content":{"rendered":"<p>Ettev\u00f5te teatas, et seadusest tulenevate l\u00e4bir\u00e4\u00e4kimiste tulemusena koondatakse kokku 100 ametikohta. Lisaks viib ettev\u00f5te l\u00e4bi t\u00f6\u00f6\u00fclesannete ja tegevuste \u00fcmberkorraldusi, mille eesm\u00e4rk on parandada tegevuse t\u00f5husust ja tugevdada konkurentsiv\u00f5imet. \u00dcmberkorralduste tulemusena l\u00f5petatakse 72 inimese t\u00f6\u00f6suhe v\u00f5i muutuvad nende t\u00f6\u00f6\u00fclesanded.<\/p>\n","protected":false},"excerpt":{"rendered":"Ettev\u00f5te teatas, et seadusest tulenevate l\u00e4bir\u00e4\u00e4kimiste tulemusena koondatakse kokku 100 ametikohta. Lisaks viib ettev\u00f5te l\u00e4bi t\u00f6\u00f6\u00fclesannete ja tegevuste&hellip;\n","protected":false},"author":2,"featured_media":200664,"comment_status":"","ping_status":"","sticky":false,"template":"","format":"standard","meta":{"footnotes":"","_share_on_mastodon":"0"},"categories":[80],"tags":[26,27,37,33,35,34,36,31,32,21,2182,28,29,95,83583,19,25,23,24,22,20,30,92,93,94],"class_list":["post-200663","post","type-post","status-publish","format-standard","has-post-thumbnail","category-maailm","tag-breaking-news","tag-breakingnews","tag-ee","tag-eesti","tag-eesti-keel","tag-estonia","tag-estonian","tag-featured-news","tag-featurednews","tag-headlines","tag-koondamine","tag-latest-news","tag-latestnews","tag-maailm","tag-metsa-wood","tag-news","tag-populaarseimad-lood","tag-top-stories","tag-topstories","tag-uldised-uudised","tag-uudised","tag-viimased-uudised","tag-world","tag-world-news","tag-worldnews"],"share_on_mastodon":{"url":"https:\/\/pubeurope.com\/@ee\/116730314266468487","error":""},"_links":{"self":[{"href":"https:\/\/www.europesays.com\/ee\/wp-json\/wp\/v2\/posts\/200663","targetHints":{"allow":["GET"]}}],"collection":[{"href":"https:\/\/www.europesays.com\/ee\/wp-json\/wp\/v2\/posts"}],"about":[{"href":"https:\/\/www.europesays.com\/ee\/wp-json\/wp\/v2\/types\/post"}],"author":[{"embeddable":true,"href":"https:\/\/www.europesays.com\/ee\/wp-json\/wp\/v2\/users\/2"}],"replies":[{"embeddable":true,"href":"https:\/\/www.europesays.com\/ee\/wp-json\/wp\/v2\/comments?post=200663"}],"version-history":[{"count":0,"href":"https:\/\/www.europesays.com\/ee\/wp-json\/wp\/v2\/posts\/200663\/revisions"}],"wp:featuredmedia":[{"embeddable":true,"href":"https:\/\/www.europesays.com\/ee\/wp-json\/wp\/v2\/media\/200664"}],"wp:attachment":[{"href":"https:\/\/www.europesays.com\/ee\/wp-json\/wp\/v2\/media?parent=200663"}],"wp:term":[{"taxonomy":"category","embeddable":true,"href":"https:\/\/www.europesays.com\/ee\/wp-json\/wp\/v2\/categories?post=200663"},{"taxonomy":"post_tag","embeddable":true,"href":"https:\/\/www.europesays.com\/ee\/wp-json\/wp\/v2\/tags?post=200663"}],"curies":[{"name":"wp","href":"https:\/\/api.w.org\/{rel}","templated":true}]}}