{"id":200711,"date":"2026-06-11T08:36:11","date_gmt":"2026-06-11T08:36:11","guid":{"rendered":"https:\/\/www.europesays.com\/ee\/200711\/"},"modified":"2026-06-11T08:36:11","modified_gmt":"2026-06-11T08:36:11","slug":"ryanair-kusib-lapse-korval-istumise-eest-lisatasu-amet-asus-asja-uurima","status":"publish","type":"post","link":"https:\/\/www.europesays.com\/ee\/200711\/","title":{"rendered":"Ryanair k\u00fcsib lapse k\u00f5rval istumise eest lisatasu, amet asus asja uurima"},"content":{"rendered":"<p class=\"font-claude-response-body break-words whitespace-normal\">Ryanairi tingimuste j\u00e4rgi peab v\u00e4hemalt \u00fcks vanem istuma 2\u201311-aastase lapse k\u00f5rval. Selleks tuleb osta nn kohustuslik pereiste, samas kui k\u00f5igile teistele reisijatele on istekoha broneerimine vabatahtlik. Tasu kehtib nii v\u00e4lja- kui ka tagasilennul ja j\u00e4\u00e4b vahemikku 4,5\u201313,5 eurot, k\u00f5ige sagedamini on see kaheksa naela ehk ligi k\u00fcmme eurot lennu kohta.<\/p>\n<p class=\"font-claude-response-body break-words whitespace-normal\">Amet teatas neljap\u00e4eval, et kontrollib, kas selline lepingutingimus on tarbija\u00f5iguse m\u00f5ttes eba\u00f5iglane.<\/p>\n<p class=\"font-claude-response-body break-words whitespace-normal\">\u201ePaljud pered koguvad suvepuhkuseks raha ja me teame, et lisatasud v\u00f5ivad hinda kiiresti kergitada,\u201c \u00fctles CMA tarbijakaitse valdkonna juht Hayley Fletcher. Tema s\u00f5nul vaatab amet nii pereistmete broneerimise korraldust kui ka seda, kuidas hinda tarbijale esitatakse.<\/p>\n<p class=\"font-claude-response-body break-words whitespace-normal\">CMA andmetel on Ryanair ainus suur \u00dchendkuningriigist v\u00e4ljuvaid lende tegev lennufirma, kes sellist tasu k\u00fcsib. Itaalias on tasu juba keelatud: p\u00e4rast sealse lennuameti ENAC sekkumist Ryanair Itaalia lendudel seda ei rakenda ning kaotas mullu keelu vastu esitatud apellatsiooni.<\/p>\n<p class=\"font-claude-response-body break-words whitespace-normal\">Amet r\u00f5hutab, et on uurimise alguses ega ole j\u00e4reldusteni j\u00f5udnud. Vahekokkuv\u00f5tet lubatakse kuue kuu jooksul. Rikkumise tuvastamise korral v\u00f5ib CMA trahvida ettev\u00f5tet kuni k\u00fcmne protsendi ulatuses \u00fclemaailmsest k\u00e4ibest.<\/p>\n<p class=\"font-claude-response-body break-words whitespace-normal\">Iiri odavlennufirma nimetas uurimist v\u00f5ltsiks ja lubas CMA v\u00e4ited \u00fcmber l\u00fckata. \u201eRyanairi perede istekohtade poliitika vastab t\u00e4ielikult k\u00f5igile asjakohastele seadustele ja s\u00e4\u00e4stab perede raha,\u201c teatas ettev\u00f5te.<\/p>\n<p>Kuidas see lugu Sind end tundma pani? Saada <a href=\"https:\/\/reisijuht.delfi.ee\/artikkel\/120590127\/ryanair-kusib-lapse-korval-istumise-eest-tasu-amet-asus-asja-uurima\/kommentaarid\" class=\"article-body-bottom__comment article-body-bottom__comment--write button button--primary button--size-auto\" rel=\"nofollow noopener\" target=\"_blank\"> Kommenteeri <\/a><a href=\"https:\/\/reisijuht.delfi.ee\/artikkel\/120590127\/ryanair-kusib-lapse-korval-istumise-eest-tasu-amet-asus-asja-uurima\/kommentaarid\" class=\"article-body-bottom__comment article-body-bottom__comment--read button button--size-auto\" rel=\"nofollow noopener\" target=\"_blank\"> Loe kommentaare (1)<\/a><\/p>\n","protected":false},"excerpt":{"rendered":"Ryanairi tingimuste j\u00e4rgi peab v\u00e4hemalt \u00fcks vanem istuma 2\u201311-aastase lapse k\u00f5rval. Selleks tuleb osta nn kohustuslik pereiste, samas&hellip;\n","protected":false},"author":2,"featured_media":200712,"comment_status":"","ping_status":"","sticky":false,"template":"","format":"standard","meta":{"footnotes":"","_share_on_mastodon":"0"},"categories":[18],"tags":[37,33,35,34,36,3322,159,158,71916,1038],"class_list":["post-200711","post","type-post","status-publish","format-standard","has-post-thumbnail","category-sport","tag-ee","tag-eesti","tag-eesti-keel","tag-estonia","tag-estonian","tag-ryanair","tag-sport","tag-sports","tag-tarbijaoigused","tag-uhendkuningriik"],"share_on_mastodon":{"url":"https:\/\/pubeurope.com\/@ee\/116730566417758225","error":""},"_links":{"self":[{"href":"https:\/\/www.europesays.com\/ee\/wp-json\/wp\/v2\/posts\/200711","targetHints":{"allow":["GET"]}}],"collection":[{"href":"https:\/\/www.europesays.com\/ee\/wp-json\/wp\/v2\/posts"}],"about":[{"href":"https:\/\/www.europesays.com\/ee\/wp-json\/wp\/v2\/types\/post"}],"author":[{"embeddable":true,"href":"https:\/\/www.europesays.com\/ee\/wp-json\/wp\/v2\/users\/2"}],"replies":[{"embeddable":true,"href":"https:\/\/www.europesays.com\/ee\/wp-json\/wp\/v2\/comments?post=200711"}],"version-history":[{"count":0,"href":"https:\/\/www.europesays.com\/ee\/wp-json\/wp\/v2\/posts\/200711\/revisions"}],"wp:featuredmedia":[{"embeddable":true,"href":"https:\/\/www.europesays.com\/ee\/wp-json\/wp\/v2\/media\/200712"}],"wp:attachment":[{"href":"https:\/\/www.europesays.com\/ee\/wp-json\/wp\/v2\/media?parent=200711"}],"wp:term":[{"taxonomy":"category","embeddable":true,"href":"https:\/\/www.europesays.com\/ee\/wp-json\/wp\/v2\/categories?post=200711"},{"taxonomy":"post_tag","embeddable":true,"href":"https:\/\/www.europesays.com\/ee\/wp-json\/wp\/v2\/tags?post=200711"}],"curies":[{"name":"wp","href":"https:\/\/api.w.org\/{rel}","templated":true}]}}