{"id":200715,"date":"2026-06-11T08:39:13","date_gmt":"2026-06-11T08:39:13","guid":{"rendered":"https:\/\/www.europesays.com\/ee\/200715\/"},"modified":"2026-06-11T08:39:13","modified_gmt":"2026-06-11T08:39:13","slug":"kelmide-rahakuller-jai-haapsalus-vahele","status":"publish","type":"post","link":"https:\/\/www.europesays.com\/ee\/200715\/","title":{"rendered":"Kelmide rahakuller j\u00e4i Haapsalus vahele"},"content":{"rendered":"<p>            <a href=\"https:\/\/online.le.ee\/wp-content\/uploads\/2026\/06\/Vello-Palmits_Kaire-2.jpg\" data-caption=\"\" rel=\"nofollow noopener\" target=\"_blank\"><img loading=\"lazy\" width=\"696\" height=\"464\" class=\"entry-thumb td-modal-image lazyload\" alt=\"\" title=\"Vello Palmits_Kaire (2)\" src=\"https:\/\/www.europesays.com\/ee\/wp-content\/uploads\/2026\/06\/Vello-Palmits_Kaire-2-696x464.jpg\" decoding=\"async\"  data- data-eio-rwidth=\"696\" data-eio-rheight=\"464\"\/><\/a><\/p>\n<p> Haapsalu politseijaoskonna menetlusgrupi juhi Vello Palmitsa s\u00f5nul sai k\u00f5ne peale mehe juurde s\u00f5itnud politseinik kohe aru, et tegu on pettusega, nii otsustati raha j\u00e4rele tulev kuller kinni v\u00f5tta. Kaire Reiljan<\/p>\n<p>Haapsalu politseinikud pidasid l\u00e4inud n\u00e4dalal kinni 19aastase Ukraina kodaniku, kes tuli Haapsallu v\u00e4ljapetetud raha j\u00e4rele.<\/p>\n<p>3. juuni l\u00f5una paiku sai Haapsalus elav mees v\u00e4idetavalt polikliinikust telefonik\u00f5ne, milles tal paluti arstile aja broneerimiseks anda isikukood ja passiandmed. Seej\u00e4rel helistas mehele j\u00e4rgmine kelm, kes tutvustas end politseinikuna ning \u00fctles, et eelnev k\u00f5ne oli pettus ja tema pangakontod on t\u00fchjaks tehtud.<\/p>\n<p>Kelm v\u00e4itis, et varsti tullakse mehe kodu l\u00e4bi otsima ja temalt v\u00f5etakse \u00e4ra kogu deklareerimata sularaha. Mehele \u00f6eldi, et ta peab valmis panema kogu kodus oleva sularaha ja andma selle \u00fcle maksuametnikule, kes p\u00e4rast deklareerimist raha tagasi toob. Mehele tundus asi kahtlane ning ta helistas politseisse.<\/p>\n<p>Artikkel j\u00e4tkub peale reklaami<img loading=\"lazy\" decoding=\"async\" class=\"aligncenter size-full wp-image-387649\" src=\"https:\/\/www.europesays.com\/ee\/wp-content\/uploads\/2026\/06\/1781155092_444_tasuline.png\" alt=\"\" width=\"688\" height=\"101\" data-eio=\"l\"\/><\/a><\/p>\n<p>Reklaam<\/p>\n","protected":false},"excerpt":{"rendered":"Haapsalu politseijaoskonna menetlusgrupi juhi Vello Palmitsa s\u00f5nul sai k\u00f5ne peale mehe juurde s\u00f5itnud politseinik kohe aru, et tegu&hellip;\n","protected":false},"author":2,"featured_media":200716,"comment_status":"","ping_status":"","sticky":false,"template":"","format":"standard","meta":{"footnotes":"","_share_on_mastodon":"0"},"categories":[12],"tags":[26,27,37,33,35,34,36,31,32,59077,21,28,29,83591,19,25,23,24,22,20,83592,30],"class_list":["post-200715","post","type-post","status-publish","format-standard","has-post-thumbnail","category-eesti","tag-breaking-news","tag-breakingnews","tag-ee","tag-eesti","tag-eesti-keel","tag-estonia","tag-estonian","tag-featured-news","tag-featurednews","tag-haapsalu-politsei","tag-headlines","tag-latest-news","tag-latestnews","tag-margus-raspel","tag-news","tag-populaarseimad-lood","tag-top-stories","tag-topstories","tag-uldised-uudised","tag-uudised","tag-vello-palmits","tag-viimased-uudised"],"share_on_mastodon":{"url":"https:\/\/pubeurope.com\/@ee\/116730578048771650","error":""},"_links":{"self":[{"href":"https:\/\/www.europesays.com\/ee\/wp-json\/wp\/v2\/posts\/200715","targetHints":{"allow":["GET"]}}],"collection":[{"href":"https:\/\/www.europesays.com\/ee\/wp-json\/wp\/v2\/posts"}],"about":[{"href":"https:\/\/www.europesays.com\/ee\/wp-json\/wp\/v2\/types\/post"}],"author":[{"embeddable":true,"href":"https:\/\/www.europesays.com\/ee\/wp-json\/wp\/v2\/users\/2"}],"replies":[{"embeddable":true,"href":"https:\/\/www.europesays.com\/ee\/wp-json\/wp\/v2\/comments?post=200715"}],"version-history":[{"count":0,"href":"https:\/\/www.europesays.com\/ee\/wp-json\/wp\/v2\/posts\/200715\/revisions"}],"wp:featuredmedia":[{"embeddable":true,"href":"https:\/\/www.europesays.com\/ee\/wp-json\/wp\/v2\/media\/200716"}],"wp:attachment":[{"href":"https:\/\/www.europesays.com\/ee\/wp-json\/wp\/v2\/media?parent=200715"}],"wp:term":[{"taxonomy":"category","embeddable":true,"href":"https:\/\/www.europesays.com\/ee\/wp-json\/wp\/v2\/categories?post=200715"},{"taxonomy":"post_tag","embeddable":true,"href":"https:\/\/www.europesays.com\/ee\/wp-json\/wp\/v2\/tags?post=200715"}],"curies":[{"name":"wp","href":"https:\/\/api.w.org\/{rel}","templated":true}]}}