{"id":201063,"date":"2026-06-11T15:18:12","date_gmt":"2026-06-11T15:18:12","guid":{"rendered":"https:\/\/www.europesays.com\/ee\/201063\/"},"modified":"2026-06-11T15:18:12","modified_gmt":"2026-06-11T15:18:12","slug":"solman-naistekliiniku-kriisist-koik-ei-ole-hasti-aga-olukord-on-kontrolli-all","status":"publish","type":"post","link":"https:\/\/www.europesays.com\/ee\/201063\/","title":{"rendered":"Solman naistekliiniku kriisist: k\u00f5ik ei ole h\u00e4sti, aga olukord on kontrolli all"},"content":{"rendered":"<p>P\u00e4rast naistekliiniku juhi vallandamist esitasid 36 haigla t\u00f6\u00f6tajat avaliku \u00fchisp\u00f6\u00f6rdumise, sest Tallinna linnale kuuluvas haiglas pole enam nende hinnangul tagatud <a rel=\"noopener nofollow\" target=\"_blank\" href=\"https:\/\/www.delfi.ee\/teema\/96926897\/patsiendiohutus\" tag-id=\"96926897\">patsiendiohutust<\/a>, viidati ka eelk\u00f5ige anestesioloogide puudusele. <\/p>\n<p>Sotsiaaldemokraatliku erakonna ja Reformierakonna fraktsioonid p\u00e4risid infotunnis Solmanilt aru, et kui t\u00f5siselt asjaga tegeletakse. Abilinnapea m\u00e4rkis, et on naistekliinikus k\u00e4inud t\u00f6\u00f6tajatega kohtumas ja r\u00e4\u00e4kinud probleemidest. Tema s\u00f5nul p\u00fcstitati palju olulise t\u00e4htsusega k\u00fcsimusi, mille k\u00f5igega tuleb tegelema hakata.<\/p>\n<p>Oled juba tellija?Logi sisse<\/p>\n<p><a href=\"https:\/\/www.delfi.ee\/artikkel\/120590224\/solman-naistekliiniku-kriisist-koik-ei-ole-hasti-aga-olukord-on-kontrolli-all\/kommentaarid\" class=\"article-body-bottom__comment article-body-bottom__comment--write button button--primary button--size-auto\" rel=\"nofollow noopener\" target=\"_blank\"> Kommenteeri <\/a><a href=\"https:\/\/www.delfi.ee\/artikkel\/120590224\/solman-naistekliiniku-kriisist-koik-ei-ole-hasti-aga-olukord-on-kontrolli-all\/kommentaarid\" class=\"article-body-bottom__comment article-body-bottom__comment--read button button--size-auto\" rel=\"nofollow noopener\" target=\"_blank\"> Loe kommentaare (69)<\/a><\/p>\n","protected":false},"excerpt":{"rendered":"P\u00e4rast naistekliiniku juhi vallandamist esitasid 36 haigla t\u00f6\u00f6tajat avaliku \u00fchisp\u00f6\u00f6rdumise, sest Tallinna linnale kuuluvas haiglas pole enam nende&hellip;\n","protected":false},"author":2,"featured_media":201064,"comment_status":"","ping_status":"","sticky":false,"template":"","format":"standard","meta":{"footnotes":"","_share_on_mastodon":"0"},"categories":[12],"tags":[26,27,37,33,35,34,36,31,32,21,9082,28,29,2237,19,50278,25,13592,33875,25147,23,24,22,20,30],"class_list":["post-201063","post","type-post","status-publish","format-standard","has-post-thumbnail","category-eesti","tag-breaking-news","tag-breakingnews","tag-ee","tag-eesti","tag-eesti-keel","tag-estonia","tag-estonian","tag-featured-news","tag-featurednews","tag-headlines","tag-laane-tallinna-keskhaigla","tag-latest-news","tag-latestnews","tag-naistekliinik","tag-news","tag-patsiendiohutus","tag-populaarseimad-lood","tag-riina-solman","tag-sunnitusabi","tag-tallinna-linnavolikogu","tag-top-stories","tag-topstories","tag-uldised-uudised","tag-uudised","tag-viimased-uudised"],"share_on_mastodon":{"url":"https:\/\/pubeurope.com\/@ee\/116732146753222201","error":""},"_links":{"self":[{"href":"https:\/\/www.europesays.com\/ee\/wp-json\/wp\/v2\/posts\/201063","targetHints":{"allow":["GET"]}}],"collection":[{"href":"https:\/\/www.europesays.com\/ee\/wp-json\/wp\/v2\/posts"}],"about":[{"href":"https:\/\/www.europesays.com\/ee\/wp-json\/wp\/v2\/types\/post"}],"author":[{"embeddable":true,"href":"https:\/\/www.europesays.com\/ee\/wp-json\/wp\/v2\/users\/2"}],"replies":[{"embeddable":true,"href":"https:\/\/www.europesays.com\/ee\/wp-json\/wp\/v2\/comments?post=201063"}],"version-history":[{"count":0,"href":"https:\/\/www.europesays.com\/ee\/wp-json\/wp\/v2\/posts\/201063\/revisions"}],"wp:featuredmedia":[{"embeddable":true,"href":"https:\/\/www.europesays.com\/ee\/wp-json\/wp\/v2\/media\/201064"}],"wp:attachment":[{"href":"https:\/\/www.europesays.com\/ee\/wp-json\/wp\/v2\/media?parent=201063"}],"wp:term":[{"taxonomy":"category","embeddable":true,"href":"https:\/\/www.europesays.com\/ee\/wp-json\/wp\/v2\/categories?post=201063"},{"taxonomy":"post_tag","embeddable":true,"href":"https:\/\/www.europesays.com\/ee\/wp-json\/wp\/v2\/tags?post=201063"}],"curies":[{"name":"wp","href":"https:\/\/api.w.org\/{rel}","templated":true}]}}