{"id":201081,"date":"2026-06-11T15:39:15","date_gmt":"2026-06-11T15:39:15","guid":{"rendered":"https:\/\/www.europesays.com\/ee\/201081\/"},"modified":"2026-06-11T15:39:15","modified_gmt":"2026-06-11T15:39:15","slug":"t-rex-on-tagasi-%e2%9f%a9-haruldase-kaekoti-hind-voib-ulatuda-poole-miljoni-euroni","status":"publish","type":"post","link":"https:\/\/www.europesays.com\/ee\/201081\/","title":{"rendered":"T-REX ON TAGASI? \u27e9 Haruldase k\u00e4ekoti hind v\u00f5ib ulatuda poole miljoni euroni"},"content":{"rendered":"<p>66 miljonit aastat p\u00e4rast Tyrannosaurus rex\u2019i v\u00e4ljasuremist on legendaarne kiskja tagasi \u2013 seekord moemaailmas. Teadlaste loodud k\u00e4ekott v\u00f5ib oksjonil maksta kuni pool miljonit eurot.<\/p>\n<p>Moe- ja teadusmaailma piire kompav projekt on toonud p\u00e4evavalgele midagi enneolematut: teadlased ja disainerid on loonud maailma esimese niinimetatud T-Rexi nahast k\u00e4ekoti.<\/p>\n","protected":false},"excerpt":{"rendered":"66 miljonit aastat p\u00e4rast Tyrannosaurus rex\u2019i v\u00e4ljasuremist on legendaarne kiskja tagasi \u2013 seekord moemaailmas. Teadlaste loodud k\u00e4ekott v\u00f5ib&hellip;\n","protected":false},"author":2,"featured_media":201082,"comment_status":"","ping_status":"","sticky":false,"template":"","format":"standard","meta":{"footnotes":"","_share_on_mastodon":"0"},"categories":[80],"tags":[26,27,37,33,35,34,36,31,32,21,7106,43565,28,29,95,19,25,373,23,24,83648,22,20,30,92,93,94],"class_list":["post-201081","post","type-post","status-publish","format-standard","has-post-thumbnail","category-maailm","tag-breaking-news","tag-breakingnews","tag-ee","tag-eesti","tag-eesti-keel","tag-estonia","tag-estonian","tag-featured-news","tag-featurednews","tag-headlines","tag-kaekott","tag-kollageen","tag-latest-news","tag-latestnews","tag-maailm","tag-news","tag-populaarseimad-lood","tag-tehisintellekt","tag-top-stories","tag-topstories","tag-tyrannosaurus-rex","tag-uldised-uudised","tag-uudised","tag-viimased-uudised","tag-world","tag-world-news","tag-worldnews"],"share_on_mastodon":{"url":"https:\/\/pubeurope.com\/@ee\/116732229460164633","error":""},"_links":{"self":[{"href":"https:\/\/www.europesays.com\/ee\/wp-json\/wp\/v2\/posts\/201081","targetHints":{"allow":["GET"]}}],"collection":[{"href":"https:\/\/www.europesays.com\/ee\/wp-json\/wp\/v2\/posts"}],"about":[{"href":"https:\/\/www.europesays.com\/ee\/wp-json\/wp\/v2\/types\/post"}],"author":[{"embeddable":true,"href":"https:\/\/www.europesays.com\/ee\/wp-json\/wp\/v2\/users\/2"}],"replies":[{"embeddable":true,"href":"https:\/\/www.europesays.com\/ee\/wp-json\/wp\/v2\/comments?post=201081"}],"version-history":[{"count":0,"href":"https:\/\/www.europesays.com\/ee\/wp-json\/wp\/v2\/posts\/201081\/revisions"}],"wp:featuredmedia":[{"embeddable":true,"href":"https:\/\/www.europesays.com\/ee\/wp-json\/wp\/v2\/media\/201082"}],"wp:attachment":[{"href":"https:\/\/www.europesays.com\/ee\/wp-json\/wp\/v2\/media?parent=201081"}],"wp:term":[{"taxonomy":"category","embeddable":true,"href":"https:\/\/www.europesays.com\/ee\/wp-json\/wp\/v2\/categories?post=201081"},{"taxonomy":"post_tag","embeddable":true,"href":"https:\/\/www.europesays.com\/ee\/wp-json\/wp\/v2\/tags?post=201081"}],"curies":[{"name":"wp","href":"https:\/\/api.w.org\/{rel}","templated":true}]}}