{"id":201109,"date":"2026-06-11T16:10:13","date_gmt":"2026-06-11T16:10:13","guid":{"rendered":"https:\/\/www.europesays.com\/ee\/201109\/"},"modified":"2026-06-11T16:10:13","modified_gmt":"2026-06-11T16:10:13","slug":"jalle-tosiselt-polve-vigastanud-lepik-tean-et-minus-on-veel-vaga-palju-sees-soccernet-ee","status":"publish","type":"post","link":"https:\/\/www.europesays.com\/ee\/201109\/","title":{"rendered":"J\u00e4lle t\u00f5siselt p\u00f5lve vigastanud Lepik: tean, et minus on veel v\u00e4ga palju sees &#8211; Soccernet.ee"},"content":{"rendered":"<p><img decoding=\"async\" src=\"https:\/\/www.europesays.com\/ee\/wp-content\/uploads\/2026\/06\/1781183112.jpg\" alt=\"Foto: Brit Maria Tael\"\/>&#13;\n<\/p>\n<p>Karj\u00e4\u00e4ri jooksul juba kolmandat korda p\u00f5lve eesmise ristatisideme rebendi saanud Eesti koondise r\u00fcndaja Mark Anders Lepik (25) kinnitas, et soovib jalgpalluriteed j\u00e4tkata.<\/p>\n<p>&#8220;Tean, et mind ootab ees uus pikk ja raske teekond. Olen sellega suurep\u00e4raselt kursis. Aga see ei morjenda mind,&#8221; \u00fctles Lepik <a href=\"https:\/\/www.ohtuleht.ee\/sport\/1159957\/mark-anders-lepik-pisaraid-oli-veel-loomulikult-aga-olen-uueks-pikaks-ja-raskeks-teekonnaks-valmis-\" target=\"_blank\" rel=\"nofollow noopener\">\u00d5htulehele<\/a>.&#13;\n<\/p>\n<p>&#8220;Tean, et minus on veel v\u00e4ga palju sees. Kui kunagi lahkun, siis nii-\u00f6elda omadel tingimustel, mitte niimoodi.&#8221;&#13;\n<\/p>\n<p>Lepik vigastas parema p\u00f5lve ristatisidet laup\u00e4evases Balti turniiri poolfinaalis, kus ta tuli 37. minutil v\u00e4lja vahetada. Teda ootab operatsioon ja 10-12 kuu pikkune taastumisperiood.<\/p>\n<p>Klubijalgpalli on Lepik m\u00e4nginud t\u00e4navu P\u00e4rnu Vapruses, kus ta viibib laenul Tallinna Florast. Tal on senise karj\u00e4\u00e4ri jooksul kirjas 150 Premium liiga kohtumist ja 45 v\u00e4ravat. Eesti koondise eest on Lepik l\u00f6\u00f6nud 11 m\u00e4nguga \u00fche v\u00e4rava.                         <\/p>\n","protected":false},"excerpt":{"rendered":"&#13; Karj\u00e4\u00e4ri jooksul juba kolmandat korda p\u00f5lve eesmise ristatisideme rebendi saanud Eesti koondise r\u00fcndaja Mark Anders Lepik (25)&hellip;\n","protected":false},"author":2,"featured_media":201110,"comment_status":"","ping_status":"","sticky":false,"template":"","format":"standard","meta":{"footnotes":"","_share_on_mastodon":"0"},"categories":[18],"tags":[37,33,35,5289,34,36,163,12950,12951,1620,6894,159,158,1465,1622],"class_list":["post-201109","post","type-post","status-publish","format-standard","has-post-thumbnail","category-sport","tag-ee","tag-eesti","tag-eesti-keel","tag-eesti-koondis","tag-estonia","tag-estonian","tag-flora","tag-lepik","tag-mark-anders-lepik","tag-parnu-jk-vaprus","tag-rahvuskoondis","tag-sport","tag-sports","tag-tallinna-fc-flora","tag-vaprus"],"share_on_mastodon":{"url":"https:\/\/pubeurope.com\/@ee\/116732351502860545","error":""},"_links":{"self":[{"href":"https:\/\/www.europesays.com\/ee\/wp-json\/wp\/v2\/posts\/201109","targetHints":{"allow":["GET"]}}],"collection":[{"href":"https:\/\/www.europesays.com\/ee\/wp-json\/wp\/v2\/posts"}],"about":[{"href":"https:\/\/www.europesays.com\/ee\/wp-json\/wp\/v2\/types\/post"}],"author":[{"embeddable":true,"href":"https:\/\/www.europesays.com\/ee\/wp-json\/wp\/v2\/users\/2"}],"replies":[{"embeddable":true,"href":"https:\/\/www.europesays.com\/ee\/wp-json\/wp\/v2\/comments?post=201109"}],"version-history":[{"count":0,"href":"https:\/\/www.europesays.com\/ee\/wp-json\/wp\/v2\/posts\/201109\/revisions"}],"wp:featuredmedia":[{"embeddable":true,"href":"https:\/\/www.europesays.com\/ee\/wp-json\/wp\/v2\/media\/201110"}],"wp:attachment":[{"href":"https:\/\/www.europesays.com\/ee\/wp-json\/wp\/v2\/media?parent=201109"}],"wp:term":[{"taxonomy":"category","embeddable":true,"href":"https:\/\/www.europesays.com\/ee\/wp-json\/wp\/v2\/categories?post=201109"},{"taxonomy":"post_tag","embeddable":true,"href":"https:\/\/www.europesays.com\/ee\/wp-json\/wp\/v2\/tags?post=201109"}],"curies":[{"name":"wp","href":"https:\/\/api.w.org\/{rel}","templated":true}]}}