{"id":201137,"date":"2026-06-11T16:44:08","date_gmt":"2026-06-11T16:44:08","guid":{"rendered":"https:\/\/www.europesays.com\/ee\/201137\/"},"modified":"2026-06-11T16:44:08","modified_gmt":"2026-06-11T16:44:08","slug":"osad-lapsevanemad-ei-saanud-oma-vosukestele-soovitud-ajaks-lasteaiakohta-eesti","status":"publish","type":"post","link":"https:\/\/www.europesays.com\/ee\/201137\/","title":{"rendered":"Osad lapsevanemad ei saanud oma v\u00f5sukestele soovitud ajaks lasteaiakohta | Eesti"},"content":{"rendered":"<p>Mullu s\u00fcgisel j\u00f5ustunud seadusemuudatus kohustab omavalitsusi pakkuma peredele lasteaiakohta kaks kuud enne planeeritavat vanema t\u00f6\u00f6le minemist, kuid osadel vanematel j\u00e4i koht \u00f5igel ajal saamata. Linn lubab, et s\u00fcgisest hakatakse kohti jagama automaatselt ja selliseid probleeme ei tohiks enam tekkida.<\/p>\n<p>Nagu Eestis tavaks, pani tallinlanna K\u00e4tlin Bowden lapse lasteaia ootenimekirja kohe peale s\u00fcndi. Avaldusse sai ka kirja, et pere soovib lasteaiakohta lapse pooleteise aastaseks saamisel ehk t\u00e4navu kevadel.<\/p>\n<p>&#8220;See oli ka seal avalduses kirjas, mis ma tegin kunagi detsembris 2024, et soovin kohta alates maist 2026. Pakuti alates 10. august 2026 kahest erinevast lasteaiast,&#8221; lausus Bowden.<\/p>\n<p>Ema s\u00f5nul ei arvesta linn sellega, et mitte k\u00f5ik lapsed ei s\u00fcnni \u00fchel ajal ja paljud vajavad lasteaia kohta ammu enne augustit. M\u00e4rtsi l\u00f5pus v\u00f5ttis Bowden \u00fchendust Tallinna haridusametiga.<\/p>\n<p>&#8220;Mulle \u00f6eldi sealt niimoodi, et kui tahtsite kohta maist, siis te oleksite pidanud ammu meile helistama, et n\u00fc\u00fcd on liiga hilja. Et kui te oleks meile ammu helistanud ja teatanud, et te p\u00e4riselt tahate kohta maist, nagu on teie avalduses kirjas, siis me oleksime saanud teha ajutise pakkumise, et te saate maist ajutiselt kuhugi teise lasteaeda. Aga kuna te ei ole meile helistanud, siis n\u00fc\u00fcd on juba liiga hilja, sest n\u00fc\u00fcd on pakkumised v\u00e4lja l\u00e4inud,&#8221; s\u00f5nas Bowden.<\/p>\n<p>Uus alushariduse seadus j\u00f5ustus mullu 1. septembrist ja Tallinn sai lasteaiakohtade jagamise reeglid paika t\u00e4navu 11. mail. Pealinna lasteaedade kuraatori Anne Targema s\u00f5nul j\u00e4i pere loodetud kohata ilmselt \u00fclemineku perioodil olnud segaduste t\u00f5ttu. N\u00fc\u00fcd peaks s\u00fcsteem olema paigas ja perele pakutaks kohta kaks kuud enne soovitud aega.<\/p>\n<p>&#8220;Meil hakkab automaatika p\u00e4riselt seda pakkuma septembrist. Meil s\u00fcsteem hakkab tegema pakkumisi ja otsib, kus on vaba koht. Teeb perele siis selle pakkumise,&#8221; lausus Tallinna haridusameti lasteaedade kuraator Anne Targem.<\/p>\n<p>Kui vanemale automaatselt pakutud koht ei sobi, siis tuleb sellest ametile teada anda. Kuigi lapsed v\u00f5ivad lasteaeda tulla eri kuudel, ei j\u00e4eta r\u00fchmadesse vabu kohti. Nii ilmselt l\u00e4hevad vanemate seas rohkem hinnatud lasteaedade nimekirjad lukku juba augustis.<\/p>\n<p>&#8220;Siis me pakume elukohale l\u00e4himat lasteaeda ajutise lahendusena, kus on vabu kohti ja laps saab olla seal koha ootel oma soovitud lasteaeda,&#8221; s\u00f5nas Targem.<\/p>\n<p>Targema s\u00f5nul on vabu kohti k\u00f5igis linnaosades ja lapsi on j\u00e4\u00e4nud nii v\u00e4heks, et 30 r\u00fchma s\u00fcgisel ei avata. Bowdeni laps k\u00e4ib aga kuni augustini erahoius, kuigi see on pere rahakotile \u00fcsna koormav.<\/p>\n","protected":false},"excerpt":{"rendered":"Mullu s\u00fcgisel j\u00f5ustunud seadusemuudatus kohustab omavalitsusi pakkuma peredele lasteaiakohta kaks kuud enne planeeritavat vanema t\u00f6\u00f6le minemist, kuid osadel&hellip;\n","protected":false},"author":2,"featured_media":201138,"comment_status":"","ping_status":"","sticky":false,"template":"","format":"standard","meta":{"footnotes":"","_share_on_mastodon":"0"},"categories":[18],"tags":[83657,37,33,35,34,36,83656,7417,44118,159,158,17594],"class_list":["post-201137","post","type-post","status-publish","format-standard","has-post-thumbnail","category-sport","tag-anne-targem","tag-ee","tag-eesti","tag-eesti-keel","tag-estonia","tag-estonian","tag-katlin-bowden","tag-lasteaed","tag-lasteaiakohad","tag-sport","tag-sports","tag-tallinna-haridusamet"],"share_on_mastodon":{"url":"https:\/\/pubeurope.com\/@ee\/116732484950994123","error":""},"_links":{"self":[{"href":"https:\/\/www.europesays.com\/ee\/wp-json\/wp\/v2\/posts\/201137","targetHints":{"allow":["GET"]}}],"collection":[{"href":"https:\/\/www.europesays.com\/ee\/wp-json\/wp\/v2\/posts"}],"about":[{"href":"https:\/\/www.europesays.com\/ee\/wp-json\/wp\/v2\/types\/post"}],"author":[{"embeddable":true,"href":"https:\/\/www.europesays.com\/ee\/wp-json\/wp\/v2\/users\/2"}],"replies":[{"embeddable":true,"href":"https:\/\/www.europesays.com\/ee\/wp-json\/wp\/v2\/comments?post=201137"}],"version-history":[{"count":0,"href":"https:\/\/www.europesays.com\/ee\/wp-json\/wp\/v2\/posts\/201137\/revisions"}],"wp:featuredmedia":[{"embeddable":true,"href":"https:\/\/www.europesays.com\/ee\/wp-json\/wp\/v2\/media\/201138"}],"wp:attachment":[{"href":"https:\/\/www.europesays.com\/ee\/wp-json\/wp\/v2\/media?parent=201137"}],"wp:term":[{"taxonomy":"category","embeddable":true,"href":"https:\/\/www.europesays.com\/ee\/wp-json\/wp\/v2\/categories?post=201137"},{"taxonomy":"post_tag","embeddable":true,"href":"https:\/\/www.europesays.com\/ee\/wp-json\/wp\/v2\/tags?post=201137"}],"curies":[{"name":"wp","href":"https:\/\/api.w.org\/{rel}","templated":true}]}}