{"id":201185,"date":"2026-06-11T18:05:17","date_gmt":"2026-06-11T18:05:17","guid":{"rendered":"https:\/\/www.europesays.com\/ee\/201185\/"},"modified":"2026-06-11T18:05:17","modified_gmt":"2026-06-11T18:05:17","slug":"mm-i-12-alagruppi-12-ennustust-kes-tuleb-maailmameistriks-kes-on-mustad-hobused","status":"publish","type":"post","link":"https:\/\/www.europesays.com\/ee\/201185\/","title":{"rendered":"MM-i 12 alagruppi, 12 ennustust. Kes tuleb maailmameistriks? Kes on mustad hobused?"},"content":{"rendered":"<p>Trio k\u00e4is l\u00e4bi k\u00f5ik alagrupid ja vaatas koondistele otsa. Muuhulgas tehti ennustused:<\/p>\n<ul>\n<li>\n<p>Kui k\u00f5rget t\u00e4helendu ennustame Saksamaale, Argentinale ja Prantsusmaale?<\/p>\n<\/li>\n<li>\n<p>Miks ennustasid k\u00f5ik kolm maailmameistriks Hispaaniat?<\/p>\n<\/li>\n<li>\n<p>Kas L-grupist j\u00f5uab kaugemale \u00fcks soosik Inglismaa v\u00f5i viimasel kahel MM-il medali v\u00f5itnud Horvaatia?<\/p>\n<\/li>\n<li>\n<p>Kas kaugemale j\u00f5uab A-grupist Mehhiko, L\u00f5una-Korea v\u00f5i T\u0161ehhi? Aga B-grupist Maroko v\u00f5i \u0160otimaa?<\/p>\n<\/li>\n<li>\n<p>Kes on t\u00f5en\u00e4olisemad parimad v\u00e4ravak\u00fctid?<\/p>\n<p>Head kuulamist!<\/p>\n<\/li>\n<\/ul>\n<p>Kuidas see lugu Sind end tundma pani? Saada <a href=\"https:\/\/sport.delfi.ee\/artikkel\/120590131\/mm-i-12-alagruppi-12-ennustust-kes-tuleb-maailmameistriks-kes-on-mustad-hobused\/kommentaarid\" class=\"article-body-bottom__comment article-body-bottom__comment--write button button--primary button--size-auto\" rel=\"nofollow noopener\" target=\"_blank\"> Kommenteeri <\/a><a href=\"https:\/\/sport.delfi.ee\/artikkel\/120590131\/mm-i-12-alagruppi-12-ennustust-kes-tuleb-maailmameistriks-kes-on-mustad-hobused\/kommentaarid\" class=\"article-body-bottom__comment article-body-bottom__comment--read button button--size-auto\" rel=\"nofollow noopener\" target=\"_blank\"> Loe kommentaare (3)<\/a><\/p>\n","protected":false},"excerpt":{"rendered":"Trio k\u00e4is l\u00e4bi k\u00f5ik alagrupid ja vaatas koondistele otsa. Muuhulgas tehti ennustused: Kui k\u00f5rget t\u00e4helendu ennustame Saksamaale, Argentinale&hellip;\n","protected":false},"author":2,"featured_media":193814,"comment_status":"","ping_status":"","sticky":false,"template":"","format":"standard","meta":{"footnotes":"","_share_on_mastodon":"0"},"categories":[5],"tags":[27159,26,27,37,33,35,39425,34,36,31,32,21,2816,28,29,38522,19,25,23,24,22,20,30],"class_list":["post-201185","post","type-post","status-publish","format-standard","has-post-thumbnail","category-uldised-uudised","tag-andres-oper","tag-breaking-news","tag-breakingnews","tag-ee","tag-eesti","tag-eesti-keel","tag-eigo-kaljurand","tag-estonia","tag-estonian","tag-featured-news","tag-featurednews","tag-headlines","tag-jalgpallistuudio","tag-latest-news","tag-latestnews","tag-madis-kalvet","tag-news","tag-populaarseimad-lood","tag-top-stories","tag-topstories","tag-uldised-uudised","tag-uudised","tag-viimased-uudised"],"share_on_mastodon":{"url":"https:\/\/pubeurope.com\/@ee\/116732803392865040","error":""},"_links":{"self":[{"href":"https:\/\/www.europesays.com\/ee\/wp-json\/wp\/v2\/posts\/201185","targetHints":{"allow":["GET"]}}],"collection":[{"href":"https:\/\/www.europesays.com\/ee\/wp-json\/wp\/v2\/posts"}],"about":[{"href":"https:\/\/www.europesays.com\/ee\/wp-json\/wp\/v2\/types\/post"}],"author":[{"embeddable":true,"href":"https:\/\/www.europesays.com\/ee\/wp-json\/wp\/v2\/users\/2"}],"replies":[{"embeddable":true,"href":"https:\/\/www.europesays.com\/ee\/wp-json\/wp\/v2\/comments?post=201185"}],"version-history":[{"count":0,"href":"https:\/\/www.europesays.com\/ee\/wp-json\/wp\/v2\/posts\/201185\/revisions"}],"wp:featuredmedia":[{"embeddable":true,"href":"https:\/\/www.europesays.com\/ee\/wp-json\/wp\/v2\/media\/193814"}],"wp:attachment":[{"href":"https:\/\/www.europesays.com\/ee\/wp-json\/wp\/v2\/media?parent=201185"}],"wp:term":[{"taxonomy":"category","embeddable":true,"href":"https:\/\/www.europesays.com\/ee\/wp-json\/wp\/v2\/categories?post=201185"},{"taxonomy":"post_tag","embeddable":true,"href":"https:\/\/www.europesays.com\/ee\/wp-json\/wp\/v2\/tags?post=201185"}],"curies":[{"name":"wp","href":"https:\/\/api.w.org\/{rel}","templated":true}]}}