{"id":2012,"date":"2025-09-22T12:49:07","date_gmt":"2025-09-22T12:49:07","guid":{"rendered":"https:\/\/www.europesays.com\/ee\/2012\/"},"modified":"2025-09-22T12:49:07","modified_gmt":"2025-09-22T12:49:07","slug":"lea-rand-esitles-oma-lasteraamatut","status":"publish","type":"post","link":"https:\/\/www.europesays.com\/ee\/2012\/","title":{"rendered":"Lea Rand esitles oma lasteraamatut"},"content":{"rendered":"<p>&#8220;Raamatus ei ole \u00fchtegi v\u00e4ljam\u00f5eldud lugu \u2212 k\u00f5ik on p\u00e4riselt meie peres juhtunud. On v\u00f5ib-olla m\u00f5ni ilukirjanduslik liialdus, aga see teeb asja ainult p\u00f5nevamaks,&#8221; r\u00e4\u00e4kis Lea Rand esitlusel.<\/p>\n<p>Kassilembese pere lood j\u00f5uavad lugejani, nagu raamatu nimigi \u00fctleb, kass Muri suu l\u00e4bi. Kuna kassidega on nii palju toredaid seiklusi olnud, siis ainesest puudu ei tulnud.<\/p>\n<p>Tegelikult sai raamat valmis juba rohkem kui viis aastat tagasi. Tookord tegi Lea Rand eksklusiivse tr\u00fcki, mille said ainult oma laste ja \u00f5e laste pered.<\/p>\n<p>&#8220;Aga eelmisel aastal hakkasin m\u00f5tlema selle peale, et 2025 on eesti raamatu aasta. Mul endal sai m\u00e4rtsi alguses raamatukogus 30 aastat t\u00f6\u00f6tatud ehk t\u00e4pselt poole oma elust olen ma siin Toilas raamatukogu hoidnud. Ja suvel oli mul \u00fcmmargune s\u00fcnnip\u00e4ev. M\u00f5tlesin, et tegelikult ikkagi v\u00f5iks p\u00e4ris raamatu v\u00e4lja anda,&#8221; meenutas ta.<\/p>\n<p>Algul ainult oma perele kirjutatud ja kujundatud lood andis kirjastus Kr\u00f6\u00f6sus v\u00e4lja kolmesajas eksemplaris. Raamatu jaoks tuli kevadel paar lugu juurde kirjutada. &#8220;Kui Riina Kasser oli tekstid \u00e4ra toimetanud, \u00fctles ta, et v\u00e4he on, tahaks veel lugeda! Ja uued lood ei tulnud \u00fcldse nii lihtsalt kui k\u00f5ik see eelnev.&#8221;<\/p>\n<p>Raamat sai t\u00e4pselt selline, nagu Lea Rand tahtis. &#8220;Ta on tugevas k\u00f6ites ja selles m\u00f5ttes lastes\u00f5bralik, et tekst on natukene suuremate t\u00e4htedega ja h\u00f5redam kui tavaliselt raamatutes. Just lugemist alustaval lapsel on seda hea lugeda ja eduelamus tuleb ka. Usun, et raamat pakub lugemisr\u00f5\u00f5mu nii nendele v\u00e4ikestele, kes juba ise loevad, kui ka nendele, kellele veel ette loetakse.&#8221;<\/p>\n<p>Raamatu autor on v\u00e4ga rahul ka Jana Valge illustratsioonidega, sest need on tehtud v\u00e4rvipliiatsitega ning on lastep\u00e4rased ja soojad.<\/p>\n<p>Kolmap\u00e4eval, 24. septembril kell 17.30 esitleb Lea Rand &#8220;Muri memuaare&#8221; J\u00f5hvi keskraamatukogus.<\/p>\n","protected":false},"excerpt":{"rendered":"&#8220;Raamatus ei ole \u00fchtegi v\u00e4ljam\u00f5eldud lugu \u2212 k\u00f5ik on p\u00e4riselt meie peres juhtunud. On v\u00f5ib-olla m\u00f5ni ilukirjanduslik liialdus,&hellip;\n","protected":false},"author":2,"featured_media":2013,"comment_status":"","ping_status":"","sticky":false,"template":"","format":"standard","meta":{"footnotes":"","_share_on_mastodon":"0"},"categories":[16],"tags":[2116,37,33,35,173,34,36,2117,2115,2114,140],"class_list":["post-2012","post","type-post","status-publish","format-standard","has-post-thumbnail","category-meelelahutus","tag-muri-memuaarid","tag-ee","tag-eesti","tag-eesti-keel","tag-entertainment","tag-estonia","tag-estonian","tag-jana-valge-illustratsioonid","tag-lasteraamat","tag-lea-rand","tag-meelelahutus"],"share_on_mastodon":{"url":"","error":""},"_links":{"self":[{"href":"https:\/\/www.europesays.com\/ee\/wp-json\/wp\/v2\/posts\/2012","targetHints":{"allow":["GET"]}}],"collection":[{"href":"https:\/\/www.europesays.com\/ee\/wp-json\/wp\/v2\/posts"}],"about":[{"href":"https:\/\/www.europesays.com\/ee\/wp-json\/wp\/v2\/types\/post"}],"author":[{"embeddable":true,"href":"https:\/\/www.europesays.com\/ee\/wp-json\/wp\/v2\/users\/2"}],"replies":[{"embeddable":true,"href":"https:\/\/www.europesays.com\/ee\/wp-json\/wp\/v2\/comments?post=2012"}],"version-history":[{"count":0,"href":"https:\/\/www.europesays.com\/ee\/wp-json\/wp\/v2\/posts\/2012\/revisions"}],"wp:featuredmedia":[{"embeddable":true,"href":"https:\/\/www.europesays.com\/ee\/wp-json\/wp\/v2\/media\/2013"}],"wp:attachment":[{"href":"https:\/\/www.europesays.com\/ee\/wp-json\/wp\/v2\/media?parent=2012"}],"wp:term":[{"taxonomy":"category","embeddable":true,"href":"https:\/\/www.europesays.com\/ee\/wp-json\/wp\/v2\/categories?post=2012"},{"taxonomy":"post_tag","embeddable":true,"href":"https:\/\/www.europesays.com\/ee\/wp-json\/wp\/v2\/tags?post=2012"}],"curies":[{"name":"wp","href":"https:\/\/api.w.org\/{rel}","templated":true}]}}