{"id":201205,"date":"2026-06-11T18:44:12","date_gmt":"2026-06-11T18:44:12","guid":{"rendered":"https:\/\/www.europesays.com\/ee\/201205\/"},"modified":"2026-06-11T18:44:12","modified_gmt":"2026-06-11T18:44:12","slug":"neljapaeval-loppes-best-of-bfm-tudengifilmide-festival-film","status":"publish","type":"post","link":"https:\/\/www.europesays.com\/ee\/201205\/","title":{"rendered":"Neljap\u00e4eval l\u00f5ppes Best of BFM tudengifilmide festival | Film"},"content":{"rendered":"<p>Neljap\u00e4eval kulmineerus Tallinna \u00dclikooli tudengifilmide festival Best of BFM auhinnagaalaga. \u00dcritus t\u00e4histab noori filmitegijaid ja loomeinimesi ning laiali jagatakse ka tudengite oskarid.<\/p>\n<p>\u017d\u00fcrii liikmete s\u00f5nul iseloomustab selle aasta filme tugev konkurents ja k\u00f5rge tase.<\/p>\n<p>&#8220;Vaadates selle aasta tudengifilme &#8211; ja need olid ju erinevatelt kursustelt -, peab nentima, et nad on t\u00e4iesti konkurentsiv\u00f5imelised rahvusvaheliselt ja mitte ainult see, et v\u00e4ga huvitavad lood iseenesest ja sellised \u017eanrikatsetused, siis ma olin s\u00fcgavalt \u00fcllatunud sellest meeskonnat\u00f6\u00f6st ja kvaliteedist,&#8221; lausus \u017e\u00fcriiliige Riina Sildos.<\/p>\n<p>Suurim v\u00f5itja neljap\u00e4eva \u00f5htul oli l\u00fchifilm &#8220;Raputatud Rapuntsel&#8221;, kes p\u00e4lvis auhinnad parima re\u017eiss\u00f6\u00f6ri, operaatori ja peaosat\u00e4itja kategooriates. Samuti v\u00f5itis teos \u00f5htu oodatuima auhinna &#8211; parim film.<\/p>\n<p>Eesti tudengi-Oscareid ehk BOB-e jagatakse 17 erinevas kategoorias ja esmakordselt on kavas ka kategooria Baby BOB, kuhu said oma t\u00f6id esitada g\u00fcmnaasiumi\u00f5pilased \u00fcle kogu Baltikumi.<\/p>\n<p>&#8220;V\u00e4ga paljude jaoks on see festival ainuke festival \u00fcldse, kus nad saavad oma t\u00f6\u00f6d niimoodi n\u00e4idata ning me Eestis ja Baltikumis ei ole v\u00e4ga head selles, et me tunneme uhkus oma tehtud t\u00f6\u00f6 \u00fcle. Ma arvan, et me peaks rohkem uhkust tundma,&#8221; s\u00f5nas korraldaja ja produtsent Susanna-Reti R\u00e4im.<\/p>\n<p>&#8220;Hetkel ma olen t\u00f5esti lummatud sellest ,et kuidas on organiseeritud selline festival. See v\u00f5iks olla ja ongi t\u00e4iesti rahvusvaheline festival,&#8221; \u00fctles re\u017eiss\u00f6\u00f6r ja BFM-i vilistlane Anna Hints.<\/p>\n","protected":false},"excerpt":{"rendered":"Neljap\u00e4eval kulmineerus Tallinna \u00dclikooli tudengifilmide festival Best of BFM auhinnagaalaga. \u00dcritus t\u00e4histab noori filmitegijaid ja loomeinimesi ning laiali&hellip;\n","protected":false},"author":2,"featured_media":201206,"comment_status":"","ping_status":"","sticky":false,"template":"","format":"standard","meta":{"footnotes":"","_share_on_mastodon":"0"},"categories":[16],"tags":[83665,11673,83664,37,33,35,173,34,36,140,83663,83662],"class_list":["post-201205","post","type-post","status-publish","format-standard","has-post-thumbnail","category-meelelahutus","tag-best-of-bfm-2026","tag-bfm","tag-bob","tag-ee","tag-eesti","tag-eesti-keel","tag-entertainment","tag-estonia","tag-estonian","tag-meelelahutus","tag-riina-sildos","tag-susanna-reti-raim"],"share_on_mastodon":{"url":"https:\/\/pubeurope.com\/@ee\/116732956715435938","error":""},"_links":{"self":[{"href":"https:\/\/www.europesays.com\/ee\/wp-json\/wp\/v2\/posts\/201205","targetHints":{"allow":["GET"]}}],"collection":[{"href":"https:\/\/www.europesays.com\/ee\/wp-json\/wp\/v2\/posts"}],"about":[{"href":"https:\/\/www.europesays.com\/ee\/wp-json\/wp\/v2\/types\/post"}],"author":[{"embeddable":true,"href":"https:\/\/www.europesays.com\/ee\/wp-json\/wp\/v2\/users\/2"}],"replies":[{"embeddable":true,"href":"https:\/\/www.europesays.com\/ee\/wp-json\/wp\/v2\/comments?post=201205"}],"version-history":[{"count":0,"href":"https:\/\/www.europesays.com\/ee\/wp-json\/wp\/v2\/posts\/201205\/revisions"}],"wp:featuredmedia":[{"embeddable":true,"href":"https:\/\/www.europesays.com\/ee\/wp-json\/wp\/v2\/media\/201206"}],"wp:attachment":[{"href":"https:\/\/www.europesays.com\/ee\/wp-json\/wp\/v2\/media?parent=201205"}],"wp:term":[{"taxonomy":"category","embeddable":true,"href":"https:\/\/www.europesays.com\/ee\/wp-json\/wp\/v2\/categories?post=201205"},{"taxonomy":"post_tag","embeddable":true,"href":"https:\/\/www.europesays.com\/ee\/wp-json\/wp\/v2\/tags?post=201205"}],"curies":[{"name":"wp","href":"https:\/\/api.w.org\/{rel}","templated":true}]}}