{"id":201296,"date":"2026-06-11T20:59:32","date_gmt":"2026-06-11T20:59:32","guid":{"rendered":"https:\/\/www.europesays.com\/ee\/201296\/"},"modified":"2026-06-11T20:59:32","modified_gmt":"2026-06-11T20:59:32","slug":"el-plaanib-sissesoidukeeldu-ukrainas-voidelnud-venelastele","status":"publish","type":"post","link":"https:\/\/www.europesays.com\/ee\/201296\/","title":{"rendered":"EL plaanib sisses\u00f5idukeeldu Ukrainas v\u00f5idelnud venelastele"},"content":{"rendered":"<p>Euroopa Liit kavatseb osana uuest Moskva-vastasest sanktsioonivoorust kehtestada sisses\u00f5idukeelu Ukrainas v\u00f5idelnud venelastele, \u00fctles teisip\u00e4eval Euroopa Komisjoni president Ursula von der Leyen, teatab BNS.<\/p>\n<p>V\u00e4ljapakutud pakett, mis on 21. Venemaa-vastane sanktsioonide voor alates s\u00f5ja algusest 2022. aastal, sisaldab ka Vene nafta hinnalae s\u00e4ilitamist ja sanktsioonidest k\u00f5rvalehoidmiseks kasutatavate kr\u00fcptovaluutab\u00f6rside sihikule v\u00f5tmist.<\/p>\n<p>\u201cMeie sanktsioonid on endiselt karmid ja s\u00fcgava m\u00f5juga. Need n\u00f5rgestavad Venemaa s\u00f5ja majanduslikku vundamenti,\u201d lausus von der Leyen.<\/p>\n<p>Euroopa Komisjoni presidendi s\u00f5nul on s\u00f5dureid puudutava viisakeelu eesm\u00e4rk tagada, et Euroopa j\u00e4\u00e4ks k\u00e4ttesaamatuks k\u00f5igile, kes on Ukraina invasioonis osalenud.<\/p>\n<p>\u201cTeeme esimest korda ettepaneku keelata Euroopa Liitu sisenemine k\u00f5igil, kes on alates s\u00f5ja algusest teeninud Vene relvaj\u00f5ududes,\u201d \u00fctles von der Leyen.<\/p>\n<p>Uute meetmete \u00fcks peamisi eesm\u00e4rke on v\u00e4hendada Venemaa tulusid \u00fclemaailmsest naftaekspordist, kuna hinnad on L\u00e4his-Ida s\u00f5ja t\u00f5ttu h\u00fcppeliselt t\u00f5usnud.<\/p>\n<p>Br\u00fcssel soovib hoida Vene toornafta hinnalage praegusel, ligikaudu 44 dollari tasemel kuni jaanuarini, et Kreml ei saaks hinnat\u00f5usust kasu l\u00f5igata.<\/p>\n<p>\u201cSee annab naftaturgudele aega stabiliseeruda, s\u00e4ilitades samal ajal surve Venemaa tuludele,\u201d \u00fctles von der Leyen.<\/p>\n<p>EL-i 27 liikmesriiki peavad ettepanekud veel l\u00e4bi arutama ja nende vastuv\u00f5tmiseks on vaja \u00fcheh\u00e4\u00e4lset heakskiitu.<\/p>\n<p>Br\u00fcssel survestab ka kr\u00fcptoplatvorme, panku ja naftakauplejaid, kes aitavad Moskval sanktsioonide m\u00f5just k\u00f5rvale hoida.<\/p>\n<p>Plaanis on lisada musta nimekirja veel 30 tankerit niinimetatud varilaevastikust, mida Moskva kasutab oma nafta eksportimiseks.<\/p>\n<p>Muude sihikule v\u00f5etavate Venemaa toodete hulgas soovib EL piirata ka teatud kalaliikide, n\u00e4iteks Vaikse ookeani pollaki ja tursa importi.<\/p>\n<p>Br\u00fcssel \u00fcritab veelgi karmistada meedet kolmandate riikide ettev\u00f5tete suhtes, kes varustavad Venemaa s\u00f5jav\u00e4ge.<\/p>\n<p>Ametnike s\u00f5nul kuulub nende hulka veel 14 Mandri-Hiina ja Hongkongi ettev\u00f5tet, kellel tuleks keelata EL-i kaupade ostmine.<\/p>\n<p>EL-i ametnikud kinnitavad, et Venemaa majandus on hakanud takerduma, hoolimata sellest, et Kreml on suutnud korduvatele sanktsioonivoorudele vastu pidada.<\/p>\n<p>\u201cHind, mida Venemaa maksab, muutub iga p\u00e4evaga aina r\u00e4ngemaks ja selle maksavad kinni peamiselt Venemaa elanikud,\u201d lausus von der Leyen.<\/p>\n<p>\u201cNad leinavad oma poegi, vendi ja abikaasasid ning seisavad samal ajal silmitsi elatustaseme langusega.\u201d<\/p>\n<p>EL-i v\u00e4lispoliitika juht Kaja Kallas hindas esmasp\u00e4eval, et L\u00e4\u00e4ne sanktsioonid on alates s\u00f5ja algusest l\u00e4inud Venemaale maksma kuni 1,5 triljonit dollarit.<\/p>\n","protected":false},"excerpt":{"rendered":"Euroopa Liit kavatseb osana uuest Moskva-vastasest sanktsioonivoorust kehtestada sisses\u00f5idukeelu Ukrainas v\u00f5idelnud venelastele, \u00fctles teisip\u00e4eval Euroopa Komisjoni president Ursula&hellip;\n","protected":false},"author":2,"featured_media":201297,"comment_status":"","ping_status":"","sticky":false,"template":"","format":"standard","meta":{"footnotes":"","_share_on_mastodon":"0"},"categories":[80],"tags":[26,27,117,37,33,35,3239,34,36,590,31,32,21,4345,1639,28,29,95,108,19,25,23,24,22,3943,20,19396,30,92,93,94],"class_list":["post-201296","post","type-post","status-publish","format-standard","has-post-thumbnail","category-maailm","tag-breaking-news","tag-breakingnews","tag-brussel","tag-ee","tag-eesti","tag-eesti-keel","tag-el","tag-estonia","tag-estonian","tag-euroopa-liit","tag-featured-news","tag-featurednews","tag-headlines","tag-hongkong","tag-kaja-kallas","tag-latest-news","tag-latestnews","tag-maailm","tag-moskva","tag-news","tag-populaarseimad-lood","tag-top-stories","tag-topstories","tag-uldised-uudised","tag-ursula-von-der-leyen","tag-uudised","tag-vaikne-ookean","tag-viimased-uudised","tag-world","tag-world-news","tag-worldnews"],"share_on_mastodon":{"url":"https:\/\/pubeurope.com\/@ee\/116733487762062292","error":""},"_links":{"self":[{"href":"https:\/\/www.europesays.com\/ee\/wp-json\/wp\/v2\/posts\/201296","targetHints":{"allow":["GET"]}}],"collection":[{"href":"https:\/\/www.europesays.com\/ee\/wp-json\/wp\/v2\/posts"}],"about":[{"href":"https:\/\/www.europesays.com\/ee\/wp-json\/wp\/v2\/types\/post"}],"author":[{"embeddable":true,"href":"https:\/\/www.europesays.com\/ee\/wp-json\/wp\/v2\/users\/2"}],"replies":[{"embeddable":true,"href":"https:\/\/www.europesays.com\/ee\/wp-json\/wp\/v2\/comments?post=201296"}],"version-history":[{"count":0,"href":"https:\/\/www.europesays.com\/ee\/wp-json\/wp\/v2\/posts\/201296\/revisions"}],"wp:featuredmedia":[{"embeddable":true,"href":"https:\/\/www.europesays.com\/ee\/wp-json\/wp\/v2\/media\/201297"}],"wp:attachment":[{"href":"https:\/\/www.europesays.com\/ee\/wp-json\/wp\/v2\/media?parent=201296"}],"wp:term":[{"taxonomy":"category","embeddable":true,"href":"https:\/\/www.europesays.com\/ee\/wp-json\/wp\/v2\/categories?post=201296"},{"taxonomy":"post_tag","embeddable":true,"href":"https:\/\/www.europesays.com\/ee\/wp-json\/wp\/v2\/tags?post=201296"}],"curies":[{"name":"wp","href":"https:\/\/api.w.org\/{rel}","templated":true}]}}