{"id":201300,"date":"2026-06-11T21:10:35","date_gmt":"2026-06-11T21:10:35","guid":{"rendered":"https:\/\/www.europesays.com\/ee\/201300\/"},"modified":"2026-06-11T21:10:35","modified_gmt":"2026-06-11T21:10:35","slug":"kohtureform-porkus-koalitsioonisaadikute-vastuseisule-eesti","status":"publish","type":"post","link":"https:\/\/www.europesays.com\/ee\/201300\/","title":{"rendered":"Kohtureform p\u00f5rkus koalitsioonisaadikute vastuseisule | Eesti"},"content":{"rendered":"<p>&#8220;V\u00f5rklaeva ja Laurita on meil 50 h\u00e4\u00e4lt, eeln\u00f5u teise lugemise l\u00f5petamine n\u00f5uab 51 h\u00e4\u00e4lt,&#8221; tunnistas Kiviberg, lisades, et on alustanud l\u00e4bir\u00e4\u00e4kimisi opositsiooni saadikutega ja esimesed konsultatsioonid lubavad olla ettevaatlikult optimistlikud, kirjutab <a href=\"https:\/\/www.delfi.ee\/artikkel\/120589732\/ootamatu-vastuseis-riigikogus-kohtureform-voib-takerduda\" target=\"_blank\" rel=\"noopener nofollow\">Delfi<\/a>.<\/p>\n<p>Kivibergi s\u00f5nul peaksid vastuseisjad oma muret ise p\u00f5hjendama, aga laias laastus on p\u00f5hiseaduskomisjoni esimees aru saanud, et Laurile valmistab muret see, kas kohtureform on p\u00f5hiseadusega koosk\u00f5las, V\u00f5rklaev kardab, et p\u00f5hiseaduslike institutsioonide eelarve kaitsmise kord on keeruline ja rabe ega pruugi edaspidi arvestada valitsuse seatud piire.<\/p>\n<p>Vaidluse tuum on selles, et eeln\u00f5u looks kohtutele riigieelarves eraldi eelarve ning tooks esimese ja teise astme kohtute raha justiits- ja digiministeeriumi valitsemisalast v\u00e4lja. Seni on maa-, haldus- ja ringkonnakohtute eelarve liikunud valitsuses l\u00e4bi justiits- ja digiministeeriumi; eraldi p\u00f5hiseadusliku institutsioonina on oma eelarvetaotlust rahanduskomisjonis kaitsnud riigikohus.<\/p>\n<p>&#8220;Mulle on need mured \u00fcllatavad, sest oleme k\u00f5ik need teemad p\u00f5hjalikult ja korduvalt komisjonis l\u00e4bi k\u00e4inud,&#8221; \u00fctles Kiviberg.<\/p>\n<p>V\u00f5rklaev tunnistas Delfile, et tema ja Maris Lauri silmis on eeln\u00f5u probleemseim osa kohtute eelarve koostamine, mille puhul kohtute n\u00f5ukogu hakkab oma eelarvet riigikogus kaitsma. Esiteks ei v\u00e4hene sellega kohtute t\u00f6\u00f6koormus, mis on reformi suur eesm\u00e4rk, teiseks viitas V\u00f5rklaev, peavad kohtud tulema siis rahanduskomisjoni oma eelarvet kaitsma ning selles n\u00e4eb endine rahandusminister &#8220;m\u00f5\u00f5dukat ohtu kohtute politiseerimiseks&#8221;.<\/p>\n<p>Maris Lauri t\u00f5des, et tema silmis on tegemist huvitava segadusega. &#8220;Minu p\u00fc\u00fcded aru saada, mida, kas ja kunas muudetakse, jooksid j\u00e4rjekindlalt liiva. K\u00fcsisin \u00fchel hetkel, kas arutame ja kas ma saan vastuseid, ja kui ei saa, on minul raske edasi minna,&#8221; lausus Lauri, soovimata esialgu t\u00e4psustada, mis teda k\u00f5ige enam h\u00e4irib ning kellelt ta vastuseid k\u00fcsis.<\/p>\n<p>Siiski lubas Lauri t\u00e4na \u00f6\u00f6sel materjalidega tutvuda ning kui esitatud materjal on piisavalt argumenteeritud, v\u00f5ib Kiviberg kergendatult hingata.<\/p>\n","protected":false},"excerpt":{"rendered":"&#8220;V\u00f5rklaeva ja Laurita on meil 50 h\u00e4\u00e4lt, eeln\u00f5u teise lugemise l\u00f5petamine n\u00f5uab 51 h\u00e4\u00e4lt,&#8221; tunnistas Kiviberg, lisades, et&hellip;\n","protected":false},"author":2,"featured_media":201301,"comment_status":"","ping_status":"","sticky":false,"template":"","format":"standard","meta":{"footnotes":"","_share_on_mastodon":"0"},"categories":[80],"tags":[2261,26,27,37,33,35,34,36,31,32,21,13950,28,29,95,4221,649,19,25,643,23,24,22,20,30,92,93,94],"class_list":["post-201300","post","type-post","status-publish","format-standard","has-post-thumbnail","category-maailm","tag-ando-kiviberg","tag-breaking-news","tag-breakingnews","tag-ee","tag-eesti","tag-eesti-keel","tag-estonia","tag-estonian","tag-featured-news","tag-featurednews","tag-headlines","tag-kohtureform","tag-latest-news","tag-latestnews","tag-maailm","tag-maris-lauri","tag-mart-vorklaev","tag-news","tag-populaarseimad-lood","tag-reformierakond","tag-top-stories","tag-topstories","tag-uldised-uudised","tag-uudised","tag-viimased-uudised","tag-world","tag-world-news","tag-worldnews"],"share_on_mastodon":{"url":"https:\/\/pubeurope.com\/@ee\/116733531023963859","error":""},"_links":{"self":[{"href":"https:\/\/www.europesays.com\/ee\/wp-json\/wp\/v2\/posts\/201300","targetHints":{"allow":["GET"]}}],"collection":[{"href":"https:\/\/www.europesays.com\/ee\/wp-json\/wp\/v2\/posts"}],"about":[{"href":"https:\/\/www.europesays.com\/ee\/wp-json\/wp\/v2\/types\/post"}],"author":[{"embeddable":true,"href":"https:\/\/www.europesays.com\/ee\/wp-json\/wp\/v2\/users\/2"}],"replies":[{"embeddable":true,"href":"https:\/\/www.europesays.com\/ee\/wp-json\/wp\/v2\/comments?post=201300"}],"version-history":[{"count":0,"href":"https:\/\/www.europesays.com\/ee\/wp-json\/wp\/v2\/posts\/201300\/revisions"}],"wp:featuredmedia":[{"embeddable":true,"href":"https:\/\/www.europesays.com\/ee\/wp-json\/wp\/v2\/media\/201301"}],"wp:attachment":[{"href":"https:\/\/www.europesays.com\/ee\/wp-json\/wp\/v2\/media?parent=201300"}],"wp:term":[{"taxonomy":"category","embeddable":true,"href":"https:\/\/www.europesays.com\/ee\/wp-json\/wp\/v2\/categories?post=201300"},{"taxonomy":"post_tag","embeddable":true,"href":"https:\/\/www.europesays.com\/ee\/wp-json\/wp\/v2\/tags?post=201300"}],"curies":[{"name":"wp","href":"https:\/\/api.w.org\/{rel}","templated":true}]}}