{"id":201313,"date":"2026-06-11T21:31:08","date_gmt":"2026-06-11T21:31:08","guid":{"rendered":"https:\/\/www.europesays.com\/ee\/201313\/"},"modified":"2026-06-11T21:31:08","modified_gmt":"2026-06-11T21:31:08","slug":"meditsiiniteenuste-hinnad-panevad-sotsiaalministri-imestama-800-eurot-uskumatu-kui-kalliks-on-lainud","status":"publish","type":"post","link":"https:\/\/www.europesays.com\/ee\/201313\/","title":{"rendered":"Meditsiiniteenuste hinnad panevad sotsiaalministri imestama: 800 eurot? Uskumatu, kui kalliks on l\u00e4inud"},"content":{"rendered":"<p>Kirjutasin hiljuti artikli sellest, kuidas sain v\u00e4hidiagnoosi ja mis siis edasi juhtus. Teie t\u00f6\u00f6tasite varem pikalt perearstina. Kui palju oli juhtumeid, kus inimene j\u00f5udis teie juurde liiga hilja \u2013 tema haigus oli arenenud juba raskelt ravitavasse agressiivsesse staadiumi v\u00f5i suisa l\u00f5pufaasi?<\/p>\n<p>Neid juhtumeid oli. \u00dchelt poolt on see paratamatu, sest iga haigus ei anna kohe s\u00fcmptomeid. Vahel ongi nii, et esimeste s\u00fcmptomite tekkimisel on juba liiga hilja.<\/p>\n<p>Oled juba tellija?Logi sisse<\/p>\n<p><a href=\"https:\/\/arileht.delfi.ee\/a\/120590058\/meditsiiniteenuste-hinnad-panevad-sotsiaalministri-imestama-800-eurot-uskumatu-kui-kalliks-on-lainud\/kommentaarid\" class=\"article-body-bottom__comment article-body-bottom__comment--write button button--primary button--size-auto\" rel=\"nofollow noopener\" target=\"_blank\"> Kommenteeri <\/a><a href=\"https:\/\/arileht.delfi.ee\/a\/120590058\/meditsiiniteenuste-hinnad-panevad-sotsiaalministri-imestama-800-eurot-uskumatu-kui-kalliks-on-lainud\/kommentaarid\" class=\"article-body-bottom__comment article-body-bottom__comment--read button button--size-auto\" rel=\"nofollow noopener\" target=\"_blank\"> Loe kommentaare <\/a><\/p>\n","protected":false},"excerpt":{"rendered":"Kirjutasin hiljuti artikli sellest, kuidas sain v\u00e4hidiagnoosi ja mis siis edasi juhtus. Teie t\u00f6\u00f6tasite varem pikalt perearstina. Kui&hellip;\n","protected":false},"author":2,"featured_media":201314,"comment_status":"","ping_status":"","sticky":false,"template":"","format":"standard","meta":{"footnotes":"","_share_on_mastodon":"0"},"categories":[14],"tags":[131,130,37,33,35,34,36,746,1793,15144,17630],"class_list":["post-201313","post","type-post","status-publish","format-standard","has-post-thumbnail","category-ari","tag-ari","tag-business","tag-ee","tag-eesti","tag-eesti-keel","tag-estonia","tag-estonian","tag-jurgen-ligi","tag-karmen-joller","tag-perearstid","tag-soeluuringud"],"share_on_mastodon":{"url":"https:\/\/pubeurope.com\/@ee\/116733613513292819","error":""},"_links":{"self":[{"href":"https:\/\/www.europesays.com\/ee\/wp-json\/wp\/v2\/posts\/201313","targetHints":{"allow":["GET"]}}],"collection":[{"href":"https:\/\/www.europesays.com\/ee\/wp-json\/wp\/v2\/posts"}],"about":[{"href":"https:\/\/www.europesays.com\/ee\/wp-json\/wp\/v2\/types\/post"}],"author":[{"embeddable":true,"href":"https:\/\/www.europesays.com\/ee\/wp-json\/wp\/v2\/users\/2"}],"replies":[{"embeddable":true,"href":"https:\/\/www.europesays.com\/ee\/wp-json\/wp\/v2\/comments?post=201313"}],"version-history":[{"count":0,"href":"https:\/\/www.europesays.com\/ee\/wp-json\/wp\/v2\/posts\/201313\/revisions"}],"wp:featuredmedia":[{"embeddable":true,"href":"https:\/\/www.europesays.com\/ee\/wp-json\/wp\/v2\/media\/201314"}],"wp:attachment":[{"href":"https:\/\/www.europesays.com\/ee\/wp-json\/wp\/v2\/media?parent=201313"}],"wp:term":[{"taxonomy":"category","embeddable":true,"href":"https:\/\/www.europesays.com\/ee\/wp-json\/wp\/v2\/categories?post=201313"},{"taxonomy":"post_tag","embeddable":true,"href":"https:\/\/www.europesays.com\/ee\/wp-json\/wp\/v2\/tags?post=201313"}],"curies":[{"name":"wp","href":"https:\/\/api.w.org\/{rel}","templated":true}]}}