{"id":201346,"date":"2026-06-11T22:25:15","date_gmt":"2026-06-11T22:25:15","guid":{"rendered":"https:\/\/www.europesays.com\/ee\/201346\/"},"modified":"2026-06-11T22:25:15","modified_gmt":"2026-06-11T22:25:15","slug":"kutt-andsin-endast-parima-et-oleksime-voimalikult-suures-kaotusseisus-maardu-esindaja-rundaja-kallistamine-on-lubatud-soccernet-ee","status":"publish","type":"post","link":"https:\/\/www.europesays.com\/ee\/201346\/","title":{"rendered":"K\u00fctt: andsin endast parima, et oleksime v\u00f5imalikult suures kaotusseisus (Maardu esindaja: r\u00fcndaja kallistamine on lubatud?) &#8211; Soccernet.ee"},"content":{"rendered":"<p><img decoding=\"async\" src=\"https:\/\/www.europesays.com\/ee\/wp-content\/uploads\/2026\/06\/1781202417.png\" alt=\"Veiko K\u00fctt. Foto: kuvat\u00f5mmis Soccernet TV otse\u00fclekandest\"\/>&#13;\n<\/p>\n<p>40-aastane Elva keskkaitsja Veiko K\u00fctt, kes sai Esiliiga m\u00e4ngus Maardu Linnameeskonnaga kirja omav\u00e4rava, tegi m\u00e4nguj\u00e4rgses intervjuus enda kulul nalja.<\/p>\n<p>Elva j\u00e4i varakult K\u00fcti omav\u00e4ravast 0:2 kaotusseisu ja kaotas l\u00f5puks avapoolaja 1:3, aga p\u00f6\u00f6ras selle teisel poolajal 4:3 v\u00f5iduks. &#8220;Ma andsin endast esimesel poolajal parima, et oleksime v\u00f5imalikult suures kaotusseisus. V\u00e4rskelt 40-aastasena sai Levadia vastu l\u00f6\u00f6dud \u00f5ige v\u00e4rav ja n\u00fc\u00fcd 40-aastasena ka omav\u00e4rav. N\u00fc\u00fcd on k\u00f5ik asjad tehtud!&#8221; naeris kogenud keskkaitsja.&#13;\n<\/p>\n<p>&#8220;See plats on ikkagi natuke konarlik, ilm oli ka pigem raske ja l\u00e4ks lutsuks. Pall viskas 20 sentimeetrit vales suunas ja enam ei olnud midagi teha. Oleks pidanud jalgevahelt l\u00e4bi laskma auti, aga ikka juhtub,&#8221; kirjeldas K\u00fctt omav\u00e4ravat. &#8220;Surusime edasi. Ma ei mossitanudki, v\u00f5ib-olla osad nooremad kutid mossitasid, aga \u00fctlesin neile, et kui Maardu suudab poolajal kolm l\u00fc\u00fca, siis suudame meie ka ja teine poolaeg t\u00e4pselt nii juhtuski,&#8221; lisas K\u00fctt.&#13;\n<\/p>\n<p>Elva on k\u00e4imasoleval hooajal ka suuremast kaotusseisust v\u00e4lja roninud, kui aprilli l\u00f5pus p\u00f6\u00f6rati v\u00f5\u00f5rsil 0:3 Tartu Welco vastu 3:3 viigiks. &#8220;See on \u00fcle\u00fcldiselt meie p\u00f5him\u00f5te, et vahet ei ole mis on seis, igasugune pingutus viimase minutini on kasulik ka j\u00e4rgmisteks m\u00e4ngudeks. Kui oled 0:5 taga, lased jala sirgeks ja saad kaheksa, siis see ei ole kuidagi m\u00f5istlik. V\u00f5istkonna treenimise eesm\u00e4rgil tuleb k\u00f5ik minutid v\u00f5tta maksimaalselt,&#8221; s\u00f5nas K\u00fctt.<\/p>\n<p>Maardu esindaja\u00a0\u0160ahrijar Abdullajev ei osanud \u00f6elda, mis oli m\u00e4ngu murdepunkt. &#8220;Me pole ise ka aru saanud. Anal\u00fc\u00fcsime hiljem ja proovime aru saada. P\u00e4rast esimest poolaega tundus, et k\u00f5ik on okei ja m\u00e4ng meie kontrolli all. Ilmselt oli Elval rohkem tahtej\u00f5udu,&#8221; kommenteeris Abdullajev.&#13;\n<\/p>\n<p>Abdullajev oli m\u00e4ngu j\u00e4rel kriitiline kohtunike suunas. &#8220;Meile j\u00e4i arusaamatuks, kuidas n\u00fc\u00fcd on lubatud meie r\u00fcndajat kallistada, igasuguseid muid asju teha ja sellele ei reageerita. Aga see selleks. Ma loodan, et inimesed p\u00e4rast anal\u00fc\u00fcsivad seda m\u00e4ngu ja teevad j\u00e4reldused,&#8221; s\u00f5nas ta.&#13;<\/p>\n","protected":false},"excerpt":{"rendered":"&#13; 40-aastane Elva keskkaitsja Veiko K\u00fctt, kes sai Esiliiga m\u00e4ngus Maardu Linnameeskonnaga kirja omav\u00e4rava, tegi m\u00e4nguj\u00e4rgses intervjuus enda&hellip;\n","protected":false},"author":2,"featured_media":201347,"comment_status":"","ping_status":"","sticky":false,"template":"","format":"standard","meta":{"footnotes":"","_share_on_mastodon":"0"},"categories":[18],"tags":[83683,37,33,35,897,1466,34,36,19568,949,2464,83684,159,158,19569],"class_list":["post-201346","post","type-post","status-publish","format-standard","has-post-thumbnail","category-sport","tag-abdullajev","tag-ee","tag-eesti","tag-eesti-keel","tag-elva","tag-esiliiga","tag-estonia","tag-estonian","tag-kutt","tag-maardu","tag-maardu-linnameeskond","tag-sahrija-abdullajev","tag-sport","tag-sports","tag-veiko-kutt"],"share_on_mastodon":{"url":"https:\/\/pubeurope.com\/@ee\/116733825935353965","error":""},"_links":{"self":[{"href":"https:\/\/www.europesays.com\/ee\/wp-json\/wp\/v2\/posts\/201346","targetHints":{"allow":["GET"]}}],"collection":[{"href":"https:\/\/www.europesays.com\/ee\/wp-json\/wp\/v2\/posts"}],"about":[{"href":"https:\/\/www.europesays.com\/ee\/wp-json\/wp\/v2\/types\/post"}],"author":[{"embeddable":true,"href":"https:\/\/www.europesays.com\/ee\/wp-json\/wp\/v2\/users\/2"}],"replies":[{"embeddable":true,"href":"https:\/\/www.europesays.com\/ee\/wp-json\/wp\/v2\/comments?post=201346"}],"version-history":[{"count":0,"href":"https:\/\/www.europesays.com\/ee\/wp-json\/wp\/v2\/posts\/201346\/revisions"}],"wp:featuredmedia":[{"embeddable":true,"href":"https:\/\/www.europesays.com\/ee\/wp-json\/wp\/v2\/media\/201347"}],"wp:attachment":[{"href":"https:\/\/www.europesays.com\/ee\/wp-json\/wp\/v2\/media?parent=201346"}],"wp:term":[{"taxonomy":"category","embeddable":true,"href":"https:\/\/www.europesays.com\/ee\/wp-json\/wp\/v2\/categories?post=201346"},{"taxonomy":"post_tag","embeddable":true,"href":"https:\/\/www.europesays.com\/ee\/wp-json\/wp\/v2\/tags?post=201346"}],"curies":[{"name":"wp","href":"https:\/\/api.w.org\/{rel}","templated":true}]}}