{"id":201376,"date":"2026-06-12T00:15:20","date_gmt":"2026-06-12T00:15:20","guid":{"rendered":"https:\/\/www.europesays.com\/ee\/201376\/"},"modified":"2026-06-12T00:15:20","modified_gmt":"2026-06-12T00:15:20","slug":"saksa-relvafirma-plaanib-hakata-tootma-ukraina-flamingo-rakette-valismaa","status":"publish","type":"post","link":"https:\/\/www.europesays.com\/ee\/201376\/","title":{"rendered":"Saksa relvafirma plaanib hakata tootma Ukraina Flamingo rakette | V\u00e4lismaa"},"content":{"rendered":"<p>Ajaleht Financial Times kirjutab, et Saksamaa relvatootja Diehl Defence soovib hakata kodumaal tootma Ukraina tiibraketti Flamingo.<\/p>\n<p>Diehli juht Helmut Rauch \u00fctles, et tema ettev\u00f5te peab l\u00e4bir\u00e4\u00e4kimisi Ukraina \u00fche juhtiva relvatootja Fire Pointiga. Fire Point toodab tiibrakette Flamingo FP-5, mis suudavad madalal k\u00f5rgusel lennata kuni 3000 kilomeetrit.<\/p>\n<p>&#8220;Me arutame, kuidas saaksime koost\u00f6\u00f6d teha. Ma arvan, et see v\u00f5ib t\u00f5esti juhtuda. J\u00e4rgmiste n\u00e4dalate jooksul on meil mitu kohtumist, eks siis n\u00e4eme,&#8221; \u00fctles Rauch.\u00a0\u00a0<\/p>\n<p>Ajaleht <a href=\"https:\/\/www.ft.com\/content\/812b56ff-eb05-4294-9ad2-c9a1b8f1d343?syn-25a6b1a6=1\" target=\"_blank\" rel=\"noopener nofollow\">Financial Times<\/a> kirjutab, et Diehli samm peegeldab Euroopa relvafirmade kasvavat huvi Ukraina kaitset\u00f6\u00f6stuse kogemuste ja tehnoloogiate vastu. Euroopa otsib v\u00f5imalusi tugevdada oma r\u00fcndev\u00f5imekust ajal, mil Saksamaa peab leidma alternatiive USA Tomahawk-tiibrakettidele.\u00a0<\/p>\n<p>Ukraina president Volod\u00f5m\u00f5r Zelenski teatas aga hiljuti, et Ukraina kaugmaaraketid Flamingo FP-5 tabasid enam kui 1000 kilomeetri kaugusel Venemaa territooriumil asuvat tehast.<\/p>\n<p>Diehl toodab samas \u00f5hut\u00f5rjes\u00fcsteemi Iris-T, mis on osutunud Kiievi jaoks Venemaa raketir\u00fcnnakute t\u00f5rjumisel \u00fclioluliseks. Ettev\u00f5te s\u00f5lmis aprillis Fire Pointiga ka tehnoloogiakoost\u00f6\u00f6 lepingu.<\/p>\n<p>Fire Pointi kaasasutaja Den\u00f5s \u0160tiljerman \u00fctles mais ajalehele Financial Times, et firma toodab umbes 200 Flamingot kuus, kuid neil on v\u00f5imekus toota neid rohkem.<\/p>\n<p>&#8220;Meil on vaja vaid tellimusi ja raha,&#8221; t\u00f5des \u0160tiljerman.\u00a0<\/p>\n","protected":false},"excerpt":{"rendered":"Ajaleht Financial Times kirjutab, et Saksamaa relvatootja Diehl Defence soovib hakata kodumaal tootma Ukraina tiibraketti Flamingo. Diehli juht&hellip;\n","protected":false},"author":2,"featured_media":201377,"comment_status":"","ping_status":"","sticky":false,"template":"","format":"standard","meta":{"footnotes":"","_share_on_mastodon":"0"},"categories":[18],"tags":[37,33,35,34,36,7549,51,1049,159,158,262,96],"class_list":["post-201376","post","type-post","status-publish","format-standard","has-post-thumbnail","category-sport","tag-ee","tag-eesti","tag-eesti-keel","tag-estonia","tag-estonian","tag-raketid","tag-saksamaa","tag-soda","tag-sport","tag-sports","tag-ukraina","tag-venemaa"],"share_on_mastodon":{"url":"https:\/\/pubeurope.com\/@ee\/116734258250644072","error":""},"_links":{"self":[{"href":"https:\/\/www.europesays.com\/ee\/wp-json\/wp\/v2\/posts\/201376","targetHints":{"allow":["GET"]}}],"collection":[{"href":"https:\/\/www.europesays.com\/ee\/wp-json\/wp\/v2\/posts"}],"about":[{"href":"https:\/\/www.europesays.com\/ee\/wp-json\/wp\/v2\/types\/post"}],"author":[{"embeddable":true,"href":"https:\/\/www.europesays.com\/ee\/wp-json\/wp\/v2\/users\/2"}],"replies":[{"embeddable":true,"href":"https:\/\/www.europesays.com\/ee\/wp-json\/wp\/v2\/comments?post=201376"}],"version-history":[{"count":0,"href":"https:\/\/www.europesays.com\/ee\/wp-json\/wp\/v2\/posts\/201376\/revisions"}],"wp:featuredmedia":[{"embeddable":true,"href":"https:\/\/www.europesays.com\/ee\/wp-json\/wp\/v2\/media\/201377"}],"wp:attachment":[{"href":"https:\/\/www.europesays.com\/ee\/wp-json\/wp\/v2\/media?parent=201376"}],"wp:term":[{"taxonomy":"category","embeddable":true,"href":"https:\/\/www.europesays.com\/ee\/wp-json\/wp\/v2\/categories?post=201376"},{"taxonomy":"post_tag","embeddable":true,"href":"https:\/\/www.europesays.com\/ee\/wp-json\/wp\/v2\/tags?post=201376"}],"curies":[{"name":"wp","href":"https:\/\/api.w.org\/{rel}","templated":true}]}}