{"id":201426,"date":"2026-06-12T03:34:09","date_gmt":"2026-06-12T03:34:09","guid":{"rendered":"https:\/\/www.europesays.com\/ee\/201426\/"},"modified":"2026-06-12T03:34:09","modified_gmt":"2026-06-12T03:34:09","slug":"eisa-hakkab-46-miljoni-euro-eest-iseteeninduskeskkonda-arendama-majandus","status":"publish","type":"post","link":"https:\/\/www.europesays.com\/ee\/201426\/","title":{"rendered":"EISA hakkab 4,6 miljoni euro eest iseteeninduskeskkonda arendama | Majandus"},"content":{"rendered":"<p>Ettev\u00f5tluse ja innovatsiooni sihtasutus (EISA) otsib partnerit, kes nende digiteenuste ja iseteeninduse arendamisega tegeleks. Kolme aasta jooksul on asutus valmis selle eest maksma kuni 4,6 miljonit eurot.<\/p>\n<p>EISA uus kontseptsioon n\u00e4eb ette kliendikeskset l\u00e4henemist, mis t\u00e4hendab, et nende teenused peaksid v\u00f5imaldama suures ulatuses iseseisvat asjaajamist.<\/p>\n<p>\u00dcks sellise l\u00e4henemise osa on iseteeninduskeskkond, mille kaudu ettev\u00f5tjad saavad EISA teenuseid kasutada: taotlusi esitada, andmeid hallata ja menetluste seisu j\u00e4lgida. Nii peaks v\u00e4henema nii sihtasutuse kui ka ettev\u00f5tjate halduskoormus.<\/p>\n<p>EISA-l on ka praegu olemas iseteenindus, kuid asutuse kommunikatsioonijuht Kasper Elissaar \u00fctles ERR-ile, et sellisel kujul keskkonda, mis aitaks kliendikogemust parandada, toetaks ettev\u00f5tteid paremini teadmusmahukuse suurendamisel ja ekspordiv\u00f5imaluste avardamisel, neil praegu ei ole.<\/p>\n<p>Neljap\u00e4eval algas EISA riigihanke, et leida kolmeks aastaks iseteeninduse arendus- ja hooldust\u00f6\u00f6de tegija. Elissaar m\u00e4rkis, et 4,6 miljoni euro suuruse mahuga lepingu puhul on tegu raamlepinguga, mille eesm\u00e4rk on tagada EISA-le j\u00e4rgnevatel aastatel v\u00f5imekus arendada ettev\u00f5tjatele suunatud digiteenuseid ja iseteeninduse erinevaid funktsionaalsusi.<\/p>\n<p>&#8220;Raamlepingu maht n\u00e4itab maksimaalset v\u00f5imalikku tellimuste mahtu, mitte summat, mis kindlasti \u00e4ra kasutatakse. Iga konkreetne arendust\u00f6\u00f6 kirjeldatakse, hinnatakse ja tellitakse eraldi vastavalt tegelikule vajadusele ja olemasolevale rahastusele,&#8221; lisas Elissaar.<\/p>\n<p>Ta \u00fctles, et arenduste laiem eesm\u00e4rk on luua ettev\u00f5tjale \u00fchtne digitaalne keskkond, kust klient saab alustada k\u00f5igi EISA teenuste kasutamist, hallata oma andmeid, j\u00e4lgida menetlusi ning saada oma profiili ja vajaduste p\u00f5hjal isiklikke soovitusi ja pakkumisi.<\/p>\n<p>&#8220;K\u00f5ike selleks, et luua Eesti riigile \u00fcha enam m\u00f5\u00f5detavat majanduslikku v\u00e4\u00e4rtust,&#8221; s\u00f5nas kommunikatsioonijuht.<\/p>\n<p>Hanke maksumus h\u00f5lmab tema s\u00f5nul terviklikku arendusts\u00fcklit alates anal\u00fc\u00fcsist ja disainist kuni tarkvaraarenduse, integratsioonide, testimise, infoturbe, dokumentatsiooni ja kasutuselev\u00f5tuni.<\/p>\n<p>2022. aastal Kredexi ja EAS-i liitmisel loodud EISA on viimasel poolaastal oma tegevust korrastanud, n\u00e4iteks k\u00e4rpinud teenuste ja t\u00f6\u00f6tajate hulka ning kasvatanud k\u00e4enduste ja laenude mahtu.<\/p>\n","protected":false},"excerpt":{"rendered":"Ettev\u00f5tluse ja innovatsiooni sihtasutus (EISA) otsib partnerit, kes nende digiteenuste ja iseteeninduse arendamisega tegeleks. Kolme aasta jooksul on&hellip;\n","protected":false},"author":2,"featured_media":201427,"comment_status":"","ping_status":"","sticky":false,"template":"","format":"standard","meta":{"footnotes":"","_share_on_mastodon":"0"},"categories":[14],"tags":[131,130,37,33,35,2987,34,36,3871],"class_list":["post-201426","post","type-post","status-publish","format-standard","has-post-thumbnail","category-ari","tag-ari","tag-business","tag-ee","tag-eesti","tag-eesti-keel","tag-eisa","tag-estonia","tag-estonian","tag-ettevotluse-ja-innovatsiooni-sihtasutus"],"share_on_mastodon":{"url":"https:\/\/pubeurope.com\/@ee\/116735040955814102","error":""},"_links":{"self":[{"href":"https:\/\/www.europesays.com\/ee\/wp-json\/wp\/v2\/posts\/201426","targetHints":{"allow":["GET"]}}],"collection":[{"href":"https:\/\/www.europesays.com\/ee\/wp-json\/wp\/v2\/posts"}],"about":[{"href":"https:\/\/www.europesays.com\/ee\/wp-json\/wp\/v2\/types\/post"}],"author":[{"embeddable":true,"href":"https:\/\/www.europesays.com\/ee\/wp-json\/wp\/v2\/users\/2"}],"replies":[{"embeddable":true,"href":"https:\/\/www.europesays.com\/ee\/wp-json\/wp\/v2\/comments?post=201426"}],"version-history":[{"count":0,"href":"https:\/\/www.europesays.com\/ee\/wp-json\/wp\/v2\/posts\/201426\/revisions"}],"wp:featuredmedia":[{"embeddable":true,"href":"https:\/\/www.europesays.com\/ee\/wp-json\/wp\/v2\/media\/201427"}],"wp:attachment":[{"href":"https:\/\/www.europesays.com\/ee\/wp-json\/wp\/v2\/media?parent=201426"}],"wp:term":[{"taxonomy":"category","embeddable":true,"href":"https:\/\/www.europesays.com\/ee\/wp-json\/wp\/v2\/categories?post=201426"},{"taxonomy":"post_tag","embeddable":true,"href":"https:\/\/www.europesays.com\/ee\/wp-json\/wp\/v2\/tags?post=201426"}],"curies":[{"name":"wp","href":"https:\/\/api.w.org\/{rel}","templated":true}]}}