{"id":201430,"date":"2026-06-12T03:36:10","date_gmt":"2026-06-12T03:36:10","guid":{"rendered":"https:\/\/www.europesays.com\/ee\/201430\/"},"modified":"2026-06-12T03:36:10","modified_gmt":"2026-06-12T03:36:10","slug":"riigikogu-muudab-jargmisel-nadalal-peaprokurori-ametiaja-seitsmeaastaseks-eesti","status":"publish","type":"post","link":"https:\/\/www.europesays.com\/ee\/201430\/","title":{"rendered":"Riigikogu muudab j\u00e4rgmisel n\u00e4dalal peaprokur\u00f6ri ametiaja seitsmeaastaseks | Eesti"},"content":{"rendered":"<p>Riigikogus on j\u00e4rgmisel n\u00e4dalal teisel ja kolmandal lugemisel prokuratuuriseaduse muudatused, mis muuhulgas piiravad peaprokur\u00f6ri ametiaja \u00fche seitsmeaastase j\u00e4rjestikuse perioodiga.<\/p>\n<p>Valitsuse mais heaks kiidetud prokuratuuriseaduse muudatused l\u00e4bisid esimese lugemise m\u00f6\u00f6dunud n\u00e4dalal ja esmasp\u00e4eval otsustas \u00f5iguskomisjon, et seadus tuleks saata teisele lugemisele j\u00e4rgmise n\u00e4dala esmasp\u00e4eval ja kolmandale j\u00e4rgmise n\u00e4dala kolmap\u00e4eval.<\/p>\n<p>Muudatuse kohaselt on riigi peaprokur\u00f6ri ametiaeg piiratud \u00fche j\u00e4rjestikuse seitsmeaastase perioodiga. Juhtivate riigiprokur\u00f6ride ja vanemprokur\u00f6ride ametiaeg hakkaks olema viis aastat.<\/p>\n<p>Lisaks saaks Ida-Virumaal maksta prokur\u00f6ridele kuni 20-protsendilist lisatasu, et leida piirkonda kvalifitseeritud t\u00f6\u00f6j\u00f5udu.<\/p>\n<p>Eeln\u00f5u n\u00e4eb ka ette, et peale endiste politseijuhtide \u00f5igeksm\u00f5istmist, v\u00f5iks prokuratuur rohkem kaaluda kohtuotsuste edasikaebamist.<\/p>\n<p>Tulevikus vajaks kassatsioonikaebuste esitamine t\u00f5sisemat sisemist kaalumist ning juhtivprokur\u00f6ri ja peaprokur\u00f6ri heakskiitu.<\/p>\n<p>Muudatuse eesm\u00e4rk on tagada kriminaalmenetlustes \u00fchtsed otsused ning seda eriti edasikaebamise k\u00fcsimustes, mis on prokuratuuri institutsionaalne, mitte \u00fcksikprokur\u00f6ri \u00fclesanne.<\/p>\n<p>Lisaks kehtestatakse eeln\u00f5uga prokur\u00f6ridele pikemad katseajad, t\u00e4psustatakse distsiplinaarmenetluse korda ning s\u00e4testatakse uued ametist vabastamise alused.<\/p>\n<p>Peaprokur\u00f6r Astrid Asi \u00fctles <a href=\"https:\/\/www.err.ee\/1609998616\/astrid-asi-kriitika-pole-prokuratuuri-ettevaatlikumaks-muutnud\" target=\"_blank\" rel=\"noopener nofollow\">aprillis ERR-ile,<\/a> et suurem osa plaanitud muudatustest on prokuratuuriga l\u00e4biarutatud v\u00f5i prokuratuuri poolt esitatud.<\/p>\n<p>&#8220;Me ei ole otseselt millegi vastu. Muudatused annaks prokuratuurile rohkem t\u00f6\u00f6riistu, et me saaksime ise oma kvaliteedi hoidmise ja t\u00f5stmisega tegeleda ning lisab paindlikkust personalit\u00f6\u00f6sse. Selles m\u00f5ttes on see meile vajalik,&#8221; \u00fctles Asi.<\/p>\n<p>Ametiajast<\/p>\n<p>Olulisim osa eeln\u00f5ust, seitsmeaastast ametiaega, seda ideed on toetanud ka varasemalt mitmed teised ja ka teiste institutsioonide puhul.<\/p>\n<p>N\u00e4iteks ametisolev president Alar Karis on mitmel korral \u00f6elnud, et Eesti presidendil v\u00f5iks olla \u00fcks ametiaeg pikkusega seitse aastat.<\/p>\n<p>&#8220;M\u00f5ned [presidendid ]hakkavad juba poolel ametiajal m\u00f5tlema, et kas ma saan tagasi valitud ja ei saa,&#8221; \u00fctles Karis m\u00e4rtsis Kanal2 saates &#8220;Silmast silma&#8221;. Praegu on presidendi ametiaeg viis aastat.<\/p>\n<p>Kodanikualgatuslik Riigireformi Sihtastutus <a href=\"https:\/\/www.err.ee\/874430\/riigireformijad-presidendil-voiks-olla-seitsmeaastane-uhekordne-ametiaeg\" target=\"_blank\" rel=\"noopener nofollow\">tegi 2018. aastal<\/a> ettepaneku presidendile ja riigikontrol\u00f6rile seitsmeaastane \u00fchekordne ametiaeg.<\/p>\n<p>Samas on p\u00f5hiseaduse kunagine autor J\u00fcri Adams <a href=\"https:\/\/www.riigikogu.ee\/fraktsioonide-teated\/eelnevate-koosseisude-pressiteated\/eesti-vabaerakonna-fraktsioon\/juri-adams-riigikohtu-esimees-peaks-tulema-kohtunike-seast-ja-tema-ametiaeg-luhenema\" target=\"_blank\" rel=\"noopener nofollow\">v\u00e4ljendanud seisukohta<\/a>, et n\u00e4iteks riigikohtu esimehe ametiaeg v\u00f5iks olla l\u00fchem kui \u00fcheksa aastat.<\/p>\n<p>P\u00f5hiseaduslike institutsioonide juhtide ametiajad praegu:<\/p>\n<p>Riigikogu esimees \u2013 \u00fcks aasta (kuigi riigikogu valitakse neljaks aastaks, valivad riigikogu liikmed esimehe ja aseesimehed oma hulgast uuesti igal kevadel;<br \/>President \u2013 viis aastat;<br \/>Riigikontrol\u00f6r \u2013 viis aastat;<br \/>Eesti Panga president \u2013 viis aastat;<br \/>\u00d5iguskantsler \u2013 seitse aastat;<br \/>Riigikohtu esimees \u2013 \u00fcheksa aastat.<\/p>\n","protected":false},"excerpt":{"rendered":"Riigikogus on j\u00e4rgmisel n\u00e4dalal teisel ja kolmandal lugemisel prokuratuuriseaduse muudatused, mis muuhulgas piiravad peaprokur\u00f6ri ametiaja \u00fche seitsmeaastase j\u00e4rjestikuse&hellip;\n","protected":false},"author":2,"featured_media":201431,"comment_status":"","ping_status":"","sticky":false,"template":"","format":"standard","meta":{"footnotes":"","_share_on_mastodon":"0"},"categories":[12],"tags":[26,27,37,2707,33,35,34,36,31,32,21,28,29,19,27290,2706,53201,25,10094,18012,640,2705,23,24,22,20,30],"class_list":["post-201430","post","type-post","status-publish","format-standard","has-post-thumbnail","category-eesti","tag-breaking-news","tag-breakingnews","tag-ee","tag-eelnou","tag-eesti","tag-eesti-keel","tag-estonia","tag-estonian","tag-featured-news","tag-featurednews","tag-headlines","tag-latest-news","tag-latestnews","tag-news","tag-oiglus","tag-parlament","tag-personaalia","tag-populaarseimad-lood","tag-prokuratuur","tag-prokuror","tag-riigikogu","tag-seadus","tag-top-stories","tag-topstories","tag-uldised-uudised","tag-uudised","tag-viimased-uudised"],"share_on_mastodon":{"url":"https:\/\/pubeurope.com\/@ee\/116735048918031911","error":""},"_links":{"self":[{"href":"https:\/\/www.europesays.com\/ee\/wp-json\/wp\/v2\/posts\/201430","targetHints":{"allow":["GET"]}}],"collection":[{"href":"https:\/\/www.europesays.com\/ee\/wp-json\/wp\/v2\/posts"}],"about":[{"href":"https:\/\/www.europesays.com\/ee\/wp-json\/wp\/v2\/types\/post"}],"author":[{"embeddable":true,"href":"https:\/\/www.europesays.com\/ee\/wp-json\/wp\/v2\/users\/2"}],"replies":[{"embeddable":true,"href":"https:\/\/www.europesays.com\/ee\/wp-json\/wp\/v2\/comments?post=201430"}],"version-history":[{"count":0,"href":"https:\/\/www.europesays.com\/ee\/wp-json\/wp\/v2\/posts\/201430\/revisions"}],"wp:featuredmedia":[{"embeddable":true,"href":"https:\/\/www.europesays.com\/ee\/wp-json\/wp\/v2\/media\/201431"}],"wp:attachment":[{"href":"https:\/\/www.europesays.com\/ee\/wp-json\/wp\/v2\/media?parent=201430"}],"wp:term":[{"taxonomy":"category","embeddable":true,"href":"https:\/\/www.europesays.com\/ee\/wp-json\/wp\/v2\/categories?post=201430"},{"taxonomy":"post_tag","embeddable":true,"href":"https:\/\/www.europesays.com\/ee\/wp-json\/wp\/v2\/tags?post=201430"}],"curies":[{"name":"wp","href":"https:\/\/api.w.org\/{rel}","templated":true}]}}