{"id":201510,"date":"2026-06-12T06:00:19","date_gmt":"2026-06-12T06:00:19","guid":{"rendered":"https:\/\/www.europesays.com\/ee\/201510\/"},"modified":"2026-06-12T06:00:19","modified_gmt":"2026-06-12T06:00:19","slug":"mm-kompass-lounakorealane-kehastus-tsehhi-vastu-tony-varjundiks-soccernet-ee","status":"publish","type":"post","link":"https:\/\/www.europesays.com\/ee\/201510\/","title":{"rendered":"MM-kompass | L\u00f5unakorealane kehastus T\u0161ehhi vastu Tony Varjundiks &#8211; Soccernet.ee"},"content":{"rendered":"<p><img decoding=\"async\" src=\"https:\/\/www.europesays.com\/ee\/wp-content\/uploads\/2026\/06\/1781213851.jpg\" alt=\"L\u00f5una-Korea poolkaitsja In-beom Hwang l\u00f6\u00f6dud v\u00e4ravat t\u00e4histamas. Foto: Scanpix \/ Ulises Ruiz \/ AFP\"\/>&#13;\n<\/p>\n<p>MM-finaalturniiril sai l\u00e4bi esimene m\u00e4ngup\u00e4ev. A-alagrupis noppisid v\u00f5idupunktid omale \u00fcks korraldajariikidest Mehhiko ja L\u00f5una-Korea, seljatades vastavalt L\u00f5una-Aafrika Vabariigi 2:0 ning T\u0161ehhi 2:1.<\/p>\n<p>Turniiri avam\u00e4ng Mexicos Mehhiko ja LAV-i vahel sai hoo sisse \u00fcheksandal minutil, mil mehhiklaste k\u00f5rge press kandis vilja, sundides vastaste kaitsjaid s\u00f6\u00f6duga eksima. L\u00f5puks sai palli oma k\u00e4tte Julian Quinones, kes k\u00f5mmutas selle Ronwen Williamsi jalgevahelt v\u00f5rku.&#13;\n<\/p>\n<p>Teine kolmveerandtund algas LAV-i jaoks katastroofiga, sest alates 49. minutist tuli neil\u00a0Sphephelo Sithole&#8217;i punase kaardi t\u00f5ttu m\u00e4ngida v\u00e4hemuses. Ligikaudu 20 minutit hiljem l\u00f5petas Raul Jimenezi peal\u00f6\u00f6k v\u00e4ravas, suurendades Mehhiko edumaad. Kohtumise l\u00f5ppfaasis j\u00e4id m\u00f5lemad tiimid punase kaardi t\u00f5ttu ilma \u00fchest m\u00e4ngijast \u2014 LAV poolkaitsja Themba Zwanest ja Mehhiko kapten Cesar Montesist.&#13;\n<\/p>\n<p>Seitse tundi hiljem k\u00f5las avavile\u00a0Guadalajaras, kui vastamisi l\u00e4ksid L\u00f5una-Korea ja T\u0161ehhi. Enne t\u00e4istunni t\u00e4itumist l\u00e4ks T\u0161ehhi juhtima, kui teisele korrusele kerkinud Ladislav Krejci koksas sisse Vladimir Coufali pika audiviske. L\u00f5unakorealased viigistasid 67. minutil, mil karistusalasse s\u00f6\u00f6du saanud In-beom Hwang pettis \u00fche n\u00f5ksuga \u00e4ra nii kaitsja kui v\u00e4ravavahi ja pani palli puuri. 13 minutit hiljem tagas Hyun-gyu Ohi l\u00e4hil\u00f6\u00f6k L\u00f5una-Koreale v\u00f5idu.<\/p>\n<p>08.33 | Turniiri avav\u00e4rav. Mehhiko ja LAV-i kohtumist oli m\u00e4ngitud napilt \u00fcle kaheksa ja poole minuti, kui s\u00fcndis v\u00f5istluse esimene tabamus. Samal ajal kui Azteca staadionil k\u00f5las Mehhiko h\u00fcmn, sundisid kodupubliku lemmikud k\u00f5rge pressi toel LAV-i kaitsjaid eksima ning neli sekundit hiljem toimetas Quinones palli v\u00f5rku.&#13;\n<\/p>\n<blockquote class=\"twitter-tweet\"><p>&#13;<\/p>\n<p lang=\"en\" dir=\"ltr\">Juli\u00e1n Qui\u00f1ones is the first player from a CONCACAF nation to score the opening goal at a FIFA World Cup tournament. <\/p>\n<p>His strike is Mexico&#8217;s earliest goal in a World Cup game since Rafael M\u00e1rquez vs. Argentina in 2006.\ud83c\uddf2\ud83c\uddfd <a href=\"https:\/\/t.co\/icNm5ct5Q5\" rel=\"nofollow\">pic.twitter.com\/icNm5ct5Q5<\/a>&#13;<br \/>\n\u2014 Squawka (@Squawka) <a href=\"https:\/\/x.com\/Squawka\/status\/2065158695797813522?ref_src=twsrc%5Etfw\" rel=\"nofollow\">June 11, 2026<\/a><\/p>\n<\/blockquote>\n<p>Uuendus | Reklaamipaus. 25. ja 69. minutil puhus peakohtunik Wilton Sampaio vilet, et saata meeskonnad joogipausile. S\u00e4\u00e4rane m\u00e4nguseisak pole oma olemuselt midagi uut, sest seda kasutatakse ka palavamatel p\u00e4evadel kodumaal, aga meil vaid viivuks \u2014 MM-il kestab see suisa kolm minutit.&#13;\n<\/p>\n<p>Eestis otsustas erakanal Go3 seda aega kasutada reklaamide n\u00e4itamiseks, avalik-\u00f5iguslik ETV j\u00e4i arusaadavalt eetrisse m\u00e4nguolukordi anal\u00fc\u00fcsima. \u00d5nneks v\u00f5i kahjuks leiavad joogipausid aset igas MM-m\u00e4ngus. Vutif\u00e4nnid peavad sellega lihtsalt \u00e4ra harjuma.<\/p>\n<blockquote class=\"twitter-tweet\"><p>&#13;<\/p>\n<p lang=\"en\" dir=\"ltr\">Really upset we\u2019ve cut to commercial during the mandatory water break. It\u2019s one of the reason I love this sport and it hurts that I cannot see it.&#13;<br \/>\n\u2014 IcyVert (@IcyVert) <a href=\"https:\/\/x.com\/IcyVert\/status\/2065155542868226092?ref_src=twsrc%5Etfw\" rel=\"nofollow\">June 11, 2026<\/a><\/p>\n<\/blockquote>\n<p>17 aastat ja 240 p\u00e4eva | Gilberto Mora. K\u00e4imasoleva turniiri noorim m\u00e4ngija Mora p\u00e4\u00e4ses Mehhiko eest platsile 66. minutil. \u00dchtlasi kerkis napilt enne 2010. aasta turniiri s\u00fcndinud mehhiklaste tulevikulootus MM-i ajaloo kuuendaks noorimaks m\u00e4ngijaks \u2014 Brasiilia legendi Pele taha ja nigeerlase Bartholomew Ogbeche ette.&#13;\n<\/p>\n<blockquote class=\"twitter-tweet\"><p>&#13;<\/p>\n<p lang=\"en\" dir=\"ltr\">1 &#8211; Mexico&#8217;s Gilberto Mora is the first player born after the 2006 FIFA World Cup final to appear in a World Cup match.<\/p>\n<p>History. <a href=\"https:\/\/t.co\/COrD5x1v0N\" rel=\"nofollow\">pic.twitter.com\/COrD5x1v0N<\/a>&#13;<br \/>\n\u2014 OptaJoe (@OptaJoe) <a href=\"https:\/\/x.com\/OptaJoe\/status\/2065172246440620494?ref_src=twsrc%5Etfw\" rel=\"nofollow\">June 11, 2026<\/a><\/p>\n<\/blockquote>\n<p>Tony Varjund | In-Beom Hwang. MM-i v\u00e4ljakutel n\u00e4hti L\u00f5una-Korea oma Tony Varjundit, kes tegi isegi efektsema pette kui eestlane Balti turniiril. Kui F\u00e4\u00e4ri saarte vastu \u00f5nnestus Varjundil \u00e4ra petta vaid \u00fcks kaitsja, siis Hwang saatis kohvile nii kaitsja kui v\u00e4ravavahi ning lennutas palli tagumisse nurka. Lisaks tabamusele sai Hwang 13 minutit hiljem kirja ka v\u00e4ravas\u00f6\u00f6du. V\u00e4gev sooritus.&#13;\n<\/p>\n<blockquote class=\"twitter-tweet\"><p>&#13;<\/p>\n<p lang=\"en\" dir=\"ltr\">\ud83c\uddf0\ud83c\uddf7\ud83e\ude84 In-Beom Hwang (29) vs Czechia&#8230; \ud83e\udd76 <\/p>\n<p>\u2022 100% successful dribbles, 2\/2<br \/>&#13;<br \/>\n\u2022 90% pass accuracy<br \/>&#13;<br \/>\n\u2022 5 recoveries<br \/>&#13;<br \/>\n\u2022 2 interceptions<br \/>&#13;<br \/>\n\u2022 1 goal<br \/>&#13;<br \/>\n\u2022 1 assist<br \/>&#13;<br \/>\n\u2022 1 headed clearance<br \/>&#13;<br \/>\n\u2022 1 clearance <br \/>&#13;<br \/>\n\u2022 1 chance created <br \/>&#13;<br \/>\n\u2022 1 big chance created <\/p>\n<p>What a performance by the midfielder. \ud83d\udc4f <a href=\"https:\/\/t.co\/BoIXbD98Yg\" rel=\"nofollow\">pic.twitter.com\/BoIXbD98Yg<\/a>&#13;<br \/>\n\u2014 EuroFoot (@eurofootcom) <a href=\"https:\/\/x.com\/eurofootcom\/status\/2065279856858800373?ref_src=twsrc%5Etfw\" rel=\"nofollow\">June 12, 2026<\/a><\/p>\n<\/blockquote>\n<p>Liikuv | Rekord. Turniiri avam\u00e4ngul liikus MM-i ajaloo vanima peatreeneri tiitel LAV-i pealikule Hugo Broosile, kes t\u00e4histas 10. aprillil 74. s\u00fcnnip\u00e4eva. See rekord kestis seni, kuni palli panid m\u00e4ngu L\u00f5una-Korea ja T\u0161ehhi. Seej\u00e4rel l\u00e4ks aunimetus T\u0161ehhi pealikule Miroslav Koubekile, kes saab 1. septembril 75-aastaseks. 14. juunil napsab 78-aastane Curacao juhendaja Dick Advocaat selle rekordi oma nimele.&#13;\n<\/p>\n<p>Oluline | Avav\u00f5it. Kuna turniiril osaleb varasemast suurem arv v\u00f5istkondi, p\u00e4\u00e4sevad gruppidest s\u00f5elm\u00e4ngudele ka kaheksa parimat kolmanda koha omanikku. Esimesest kohtumisest saadud v\u00f5it oli Mehhikole ja L\u00f5una-Koreale v\u00e4ga suure kaaluga, sest nende edasip\u00e4\u00e4suv\u00f5imalust hinnatakse juba 98% ja 94%. J\u00e4rgmises voorus minnaksegi omavahel vastamisi.<\/p>\n<blockquote class=\"twitter-tweet\"><p>&#13;<\/p>\n<p lang=\"en\" dir=\"ltr\">\ud83c\uddf2\ud83c\uddfd\ud83c\uddf0\ud83c\uddf7 both go &gt;90% after the first day wins! <\/p>\n<p>\ud83d\udcc8 To qualify for R32:<\/p>\n<p>98% \ud83c\uddf2\ud83c\uddfd Mexico<br \/>&#13;<br \/>\n94% \ud83c\uddf0\ud83c\uddf7 South Korea<br \/>&#13;<br \/>\n49% \ud83c\udde8\ud83c\uddff Czechia<br \/>&#13;<br \/>\n30% \ud83c\uddff\ud83c\udde6 South Africa<\/p>\n<p>\ud83d\udc49 Full probabilities and scenarios available in our \ud83d\udd79\ufe0f Simulator<\/p>\n<p>*fixed the bug with Czechia <a href=\"https:\/\/t.co\/tylhtC1y7u\" rel=\"nofollow\">pic.twitter.com\/tylhtC1y7u<\/a>&#13;<br \/>\n\u2014 Football Meets Data (@fmeetsdata) <a href=\"https:\/\/x.com\/fmeetsdata\/status\/2065304150003376465?ref_src=twsrc%5Etfw\" rel=\"nofollow\">June 12, 2026<\/a><\/p>\n<\/blockquote>\n<p>                      <script async src=\"https:\/\/platform.twitter.com\/widgets.js\" charset=\"utf-8\"><\/script><\/p>\n","protected":false},"excerpt":{"rendered":"&#13; MM-finaalturniiril sai l\u00e4bi esimene m\u00e4ngup\u00e4ev. A-alagrupis noppisid v\u00f5idupunktid omale \u00fcks korraldajariikidest Mehhiko ja L\u00f5una-Korea, seljatades vastavalt L\u00f5una-Aafrika&hellip;\n","protected":false},"author":2,"featured_media":201511,"comment_status":"","ping_status":"","sticky":false,"template":"","format":"standard","meta":{"footnotes":"","_share_on_mastodon":"0"},"categories":[5],"tags":[26,27,37,33,35,34,36,31,32,21,13825,28,29,11526,2380,6719,3605,6718,83708,6890,19,25,23,24,116,22,20,30],"class_list":["post-201510","post","type-post","status-publish","format-standard","has-post-thumbnail","category-uldised-uudised","tag-breaking-news","tag-breakingnews","tag-ee","tag-eesti","tag-eesti-keel","tag-estonia","tag-estonian","tag-featured-news","tag-featurednews","tag-headlines","tag-kompass","tag-latest-news","tag-latestnews","tag-lav","tag-louna-aafrika","tag-louna-aafrika-vabariik","tag-louna-korea","tag-mehhiko","tag-mm-kompass","tag-mm2026","tag-news","tag-populaarseimad-lood","tag-top-stories","tag-topstories","tag-tsehhi","tag-uldised-uudised","tag-uudised","tag-viimased-uudised"],"share_on_mastodon":{"url":"https:\/\/pubeurope.com\/@ee\/116735615252131407","error":""},"_links":{"self":[{"href":"https:\/\/www.europesays.com\/ee\/wp-json\/wp\/v2\/posts\/201510","targetHints":{"allow":["GET"]}}],"collection":[{"href":"https:\/\/www.europesays.com\/ee\/wp-json\/wp\/v2\/posts"}],"about":[{"href":"https:\/\/www.europesays.com\/ee\/wp-json\/wp\/v2\/types\/post"}],"author":[{"embeddable":true,"href":"https:\/\/www.europesays.com\/ee\/wp-json\/wp\/v2\/users\/2"}],"replies":[{"embeddable":true,"href":"https:\/\/www.europesays.com\/ee\/wp-json\/wp\/v2\/comments?post=201510"}],"version-history":[{"count":0,"href":"https:\/\/www.europesays.com\/ee\/wp-json\/wp\/v2\/posts\/201510\/revisions"}],"wp:featuredmedia":[{"embeddable":true,"href":"https:\/\/www.europesays.com\/ee\/wp-json\/wp\/v2\/media\/201511"}],"wp:attachment":[{"href":"https:\/\/www.europesays.com\/ee\/wp-json\/wp\/v2\/media?parent=201510"}],"wp:term":[{"taxonomy":"category","embeddable":true,"href":"https:\/\/www.europesays.com\/ee\/wp-json\/wp\/v2\/categories?post=201510"},{"taxonomy":"post_tag","embeddable":true,"href":"https:\/\/www.europesays.com\/ee\/wp-json\/wp\/v2\/tags?post=201510"}],"curies":[{"name":"wp","href":"https:\/\/api.w.org\/{rel}","templated":true}]}}