{"id":201532,"date":"2026-06-12T06:42:09","date_gmt":"2026-06-12T06:42:09","guid":{"rendered":"https:\/\/www.europesays.com\/ee\/201532\/"},"modified":"2026-06-12T06:42:09","modified_gmt":"2026-06-12T06:42:09","slug":"raimond-kaljulaid-euroopa-suurriikide-huvid-ei-pruugi-kattuda-meie-omadega-arvamus","status":"publish","type":"post","link":"https:\/\/www.europesays.com\/ee\/201532\/","title":{"rendered":"Raimond Kaljulaid: Euroopa suurriikide huvid ei pruugi kattuda meie omadega | Arvamus"},"content":{"rendered":"<p>Euroopa suurriikide, niinimetatud E3 ehk \u00dchendkuningriigi, Prantsusmaa ja Saksamaa veetav algatus avada poliitiline dialoog Venemaaga peaks tegema meid v\u00e4ga ettevaatlikuks, vaatamata sellele, et seda toetavad ka Soome ning Ukraina, kirjutab Raimond Kaljulaid.<\/p>\n<p>Ma ei vaidlusta seda, et Euroopa peab v\u00f5tma Venemaaga k\u00f5nelustel juhtrolli ning asuma ise seda protsessi ameeriklaste asemel eest vedama, kuid Eesti poliitikute jaoks peab k\u00fcsimus oleme eelk\u00f5ige selles, mil viisil seda tehakse ja kuidas on selles protsessis esindatud Eesti Vabariigi huvid.<\/p>\n<p>Asi pole selles, et me ei saa oma briti, prantsuse ja saksa s\u00f5pru usaldada, ikka saame. L\u00e4bi NB8 ehk P\u00f5hjamaade ja Balti riikide l\u00e4hedase koost\u00f6\u00f6 on meil ka tugev j\u00f5u\u00f5lg poliitika m\u00f5jutamiseks. Kuid sellele vaatamata tuleb olla v\u00e4ga skeptiline kitsalt E3-le tuginevate k\u00f5neluste osas.<\/p>\n<p>Isegi kui hea s\u00f5ber on roolis, on ikkagi t\u00e4htis, kuhu see auto s\u00f5idab. L\u00e4\u00e4ne- ning Ida-Euroopa v\u00e4lispoliitilised huvid on paljudes teemades kattuvad, aga v\u00f5ivad ka meie omadest oluliselt erineda.<\/p>\n<p>Tuletan m\u00f5ningaid asju meelde, millest on ebameeldiv r\u00e4\u00e4kida, aga peab.<\/p>\n<p>Teise maailmas\u00f5ja ajal peeti samuti Euroopa \u00fcle l\u00e4bir\u00e4\u00e4kimisi. Neid pidasid samuti suurriigid, \u00dchendkuningriik, Ameerika \u00dchendriigid ja stalinistlik N\u00f5ukogude Liit. Nendel k\u00f5nelustel lepiti N\u00f5ukogude Liiduga kokku Balti riikide saatus.<\/p>\n<p>Staliniga lepiti kokku, et N\u00f5ukogude Liit vormistab Eesti, L\u00e4ti ja Leedu j\u00f5uga okupeerimise viisakamalt, korraldab valimisi v\u00f5i referendumeid, mis v\u00f5imaldavad n\u00e4idata Ida-Euroopa riikide annekteerimist kui sealsete rahvaste vaba tahte v\u00e4ljendust.<\/p>\n<p>Pool sajandit hiljem, aastatel 1989\u20131991 oli meie jaoks t\u00f5sine v\u00e4ljakutse, et L\u00e4\u00e4ne-Euroopas loeti k\u00fclm s\u00f5da l\u00f5ppenuks Berliini m\u00fc\u00fcri langemisega. Meid justkui unustati \u00e4ra v\u00f5i oli mugavam mitte meie peale m\u00f5elda.<\/p>\n<p>Toetus meie taasiseseisvumisele polnud E3 riikidele sugugi iseenesestm\u00f5istetav. Balti k\u00fcsimust peeti n\u00e4iteks Bonnis v\u00e4ga h\u00e4irivaks teguriks Mihhail Gorbat\u0161ovi juhitud N\u00f5ukogude Liiduga kujunenud heade suhete j\u00e4tkamisel.<\/p>\n<p>Peale Vladimir Putini v\u00f5imuletulekut pidasid paljud L\u00e4\u00e4ne-Euroopa poliitikud \u00fclepingutatuks meie hoiatusi selle kohta, millist ohtu Euroopa julgeolekule kujutab Venemaa kasvav revan\u0161ism ja imperialism. Kas n\u00fc\u00fcdseks on seda m\u00f5istetud? Ma ei ole l\u00f5puni kindel.\u00a0<\/p>\n<p>Ma ei taha sellega \u00f6elda, et me p\u00f5him\u00f5tteliselt ei saa E3 riike usaldada. Lihtsalt me peame aru saama, et nendel riikidel v\u00f5ib olla meie jaoks p\u00f5him\u00f5ttelistes k\u00fcsimustes teine n\u00e4gemus ja oma huvid, mis ei kattu meie omadega.<\/p>\n<p>&#8220;Ukrainale antavatest julgeolekugarantiidest s\u00f5ltub see, mil m\u00e4\u00e4ral on Venemaal vabad k\u00e4ed oma v\u00e4gede kiireks \u00fcmberpaigutamiseks.&#8221;<\/p>\n<p>Oluline on silmas pidada sedagi, et meid m\u00f5jutavad Ukraina s\u00f5ja l\u00f5petamiseks tehtavad kokkulepped palju vahetumalt kui L\u00e4\u00e4ne-Euroopa riike. Ukrainale antavatest julgeolekugarantiidest s\u00f5ltub see, mil m\u00e4\u00e4ral on Venemaal vabad k\u00e4ed oma v\u00e4gede kiireks \u00fcmberpaigutamiseks Balti riikide ja Soome suunale ja sellest omakorda s\u00f5jaline ohutase siin piirkonnas. Paradoksaalselt v\u00f5ib see Ukraina s\u00f5jategevuse raugemise v\u00f5i l\u00f5pu korral hoopis h\u00fcppeliselt kasvada.<\/p>\n<p>See k\u00f5ik peab andma meile selgelt \u00f5iguse olla selle laua taga, kus tehakse otsuseid. Me ei tohi leppida lubadustega, et meid informeeritakse v\u00f5i meiega konsulteeritakse. Peame panema jala ukse vahele ja keelduma lahkumast.<\/p>\n<p>Diplomaatiat teevad inimesed ja l\u00f5puks l\u00e4heb keegi koos delegatsiooniga f\u00fc\u00fcsiliselt venelastega l\u00e4bi r\u00e4\u00e4kima. Kelle ees see inimene vastutab? Nende ees, kes on teda volitanud. Kui meid seal ringis pole, siis pole meil v\u00f5rdset positsiooni E3-e suurriikidega. Miks me sellise saunikurolliga peaks leppima.<\/p>\n<p>V\u00f5iksime v\u00f5tta ohum\u00e4rgina ka NATO endise peasekret\u00e4ri Jens Stoltenbergi pihtimust, et ta oli valmis Venemaaga r\u00e4\u00e4kima n-\u00f6 puhvertsoonidest. Vaevalt, et ta selle otsuse \u00fcksinda tegi. Eeldada v\u00f5ib, et v\u00e4hemalt USA-ga konsulteeriti, aga kas ka \u00dchendkuningriigi, Saksamaa, Prantsusmaaga?<\/p>\n<p>Viimane p\u00f5hjus, miks mulle E3-keskne asjaajamine ei meeldi, on see, et minu meelest ei arvesta uue reaalsusega, mis Euroopas on kujunenud.<\/p>\n<p>\u00dchendkuningriik, Prantsusmaa ja Saksamaa on v\u00e4ga olulised riigid, v\u00e4ga m\u00f5jukad riigid, kahel neist on tuumarelvad, kuid Euroopa ei ole enam p\u00e4ris see, mis ta oli k\u00fclma s\u00f5ja ajal, kui t\u00e4htsad oli eelk\u00f5ige Londoni, Pariisi ja Bonni seisukohad.<\/p>\n<p>Ja ka praktilise poole pealt, kui kujutame korra ette, et l\u00e4bir\u00e4\u00e4kimised toimuvadki, siis on \u00fclioluline, et ei tekiks mingit kaheastmelist informeeritust, et osa riike (E3 ehk suured) saavad \u00fclevaateid esimesena ning alles siis r\u00e4\u00e4gitakse \u00fclej\u00e4\u00e4nutele ning v\u00f5imalik, et enne lepitakse kokku, mida r\u00e4\u00e4gitakse ja kuidas r\u00e4\u00e4gitakse.<\/p>\n<p>L\u00fchidalt, me ei saa leppida sellega, et meie tuleviku seisukohast otsustavaid k\u00fcsimusi arutatakse seal, kus meid ei ole. Ajalugu on meile \u00f5petanud, et see on ohtlik. Seet\u00f5ttu ei tohi me ka heaks kiita kitsalt E3-le tuginevat uut diplomaatilist initsiatiivi Venemaa suunal. See ei ole meie riiklike ja rahvuslike huvidega koosk\u00f5las.\u00a0<\/p>\n","protected":false},"excerpt":{"rendered":"Euroopa suurriikide, niinimetatud E3 ehk \u00dchendkuningriigi, Prantsusmaa ja Saksamaa veetav algatus avada poliitiline dialoog Venemaaga peaks tegema meid&hellip;\n","protected":false},"author":2,"featured_media":201533,"comment_status":"","ping_status":"","sticky":false,"template":"","format":"standard","meta":{"footnotes":"","_share_on_mastodon":"0"},"categories":[80],"tags":[2332,26,27,82607,37,33,35,34,36,31,32,21,28,29,95,54,19,25,52,14125,4121,51,1049,113,23,24,1038,262,22,325,20,5843,96,30,92,93,94],"class_list":["post-201532","post","type-post","status-publish","format-standard","has-post-thumbnail","category-maailm","tag-balti-riigid","tag-breaking-news","tag-breakingnews","tag-e3","tag-ee","tag-eesti","tag-eesti-keel","tag-estonia","tag-estonian","tag-featured-news","tag-featurednews","tag-headlines","tag-latest-news","tag-latestnews","tag-maailm","tag-nato","tag-news","tag-populaarseimad-lood","tag-prantsusmaa","tag-rahulabiraakimised","tag-raimond-kaljulaid","tag-saksamaa","tag-soda","tag-soome","tag-top-stories","tag-topstories","tag-uhendkuningriik","tag-ukraina","tag-uldised-uudised","tag-usa","tag-uudised","tag-valispoliitika","tag-venemaa","tag-viimased-uudised","tag-world","tag-world-news","tag-worldnews"],"share_on_mastodon":{"url":"","error":"Validation failed: Text character limit of 500 exceeded"},"_links":{"self":[{"href":"https:\/\/www.europesays.com\/ee\/wp-json\/wp\/v2\/posts\/201532","targetHints":{"allow":["GET"]}}],"collection":[{"href":"https:\/\/www.europesays.com\/ee\/wp-json\/wp\/v2\/posts"}],"about":[{"href":"https:\/\/www.europesays.com\/ee\/wp-json\/wp\/v2\/types\/post"}],"author":[{"embeddable":true,"href":"https:\/\/www.europesays.com\/ee\/wp-json\/wp\/v2\/users\/2"}],"replies":[{"embeddable":true,"href":"https:\/\/www.europesays.com\/ee\/wp-json\/wp\/v2\/comments?post=201532"}],"version-history":[{"count":0,"href":"https:\/\/www.europesays.com\/ee\/wp-json\/wp\/v2\/posts\/201532\/revisions"}],"wp:featuredmedia":[{"embeddable":true,"href":"https:\/\/www.europesays.com\/ee\/wp-json\/wp\/v2\/media\/201533"}],"wp:attachment":[{"href":"https:\/\/www.europesays.com\/ee\/wp-json\/wp\/v2\/media?parent=201532"}],"wp:term":[{"taxonomy":"category","embeddable":true,"href":"https:\/\/www.europesays.com\/ee\/wp-json\/wp\/v2\/categories?post=201532"},{"taxonomy":"post_tag","embeddable":true,"href":"https:\/\/www.europesays.com\/ee\/wp-json\/wp\/v2\/tags?post=201532"}],"curies":[{"name":"wp","href":"https:\/\/api.w.org\/{rel}","templated":true}]}}