{"id":201719,"date":"2026-06-12T10:32:07","date_gmt":"2026-06-12T10:32:07","guid":{"rendered":"https:\/\/www.europesays.com\/ee\/201719\/"},"modified":"2026-06-12T10:32:07","modified_gmt":"2026-06-12T10:32:07","slug":"juventuse-uueks-tegevjuhiks-saab-giovanni-carnevali-jalgpall","status":"publish","type":"post","link":"https:\/\/www.europesays.com\/ee\/201719\/","title":{"rendered":"Juventuse uueks tegevjuhiks saab Giovanni Carnevali | Jalgpall"},"content":{"rendered":"<p>Itaalia tippklubi Juventus FC teatas, et klubi uueks tegevjuhiks ja peadirektoriks nimetati kogenud jalgpallijuht Giovanni Carnevali.<\/p>\n<p>Torinos toimunud juhatuse koosolekul kinnitati otsus, et Carnevalile usaldatakse klubi \u00fcldjuhtimine ning Juventuse spordi- ja \u00e4riprojekti edasine arendamine. Senine tegevjuht Damien Comolli lahkub ametist vastastikusel kokkuleppel klubiga.\u00a0<\/p>\n<p>Carnevali on Itaalia jalgpallis \u00fcks hinnatumaid juhte, kes on suurema osa oma karj\u00e4\u00e4rist veetnud US Sassuolo Calcioga. Tema juhtimisel kujunes Sassuolost klubi, mida peetakse noorm\u00e4ngijate arendamise ja innovatsiooni eeskujuks. Lisaks on ta olnud ka Itaalia liiga (Lega Serie A) juhatuse liige.<\/p>\n<p>&#8220;Olen uhke, et saan liituda klubiga, millel on nii rikkalik ajalugu ja tugev identiteet. T\u00e4nan klubi, enamusaktsion\u00e4re ja John Elkanni usalduse eest,&#8221; s\u00f5nas Carnevali Juventuse avalduses.<\/p>\n<p>Ta lisas, et soovib koos kogu organisatsiooniga aidata Juventusel p\u00fcsida k\u00f5rgel positsioonil nii Itaalia kui ka rahvusvahelises jalgpallis.<\/p>\n","protected":false},"excerpt":{"rendered":"Itaalia tippklubi Juventus FC teatas, et klubi uueks tegevjuhiks ja peadirektoriks nimetati kogenud jalgpallijuht Giovanni Carnevali. Torinos toimunud&hellip;\n","protected":false},"author":2,"featured_media":201720,"comment_status":"","ping_status":"","sticky":false,"template":"","format":"standard","meta":{"footnotes":"","_share_on_mastodon":"0"},"categories":[18],"tags":[37,33,35,34,36,83758,1149,159,158],"class_list":["post-201719","post","type-post","status-publish","format-standard","has-post-thumbnail","category-sport","tag-ee","tag-eesti","tag-eesti-keel","tag-estonia","tag-estonian","tag-giovanni-carnevali","tag-juventus","tag-sport","tag-sports"],"share_on_mastodon":{"url":"https:\/\/pubeurope.com\/@ee\/116736684799722227","error":""},"_links":{"self":[{"href":"https:\/\/www.europesays.com\/ee\/wp-json\/wp\/v2\/posts\/201719","targetHints":{"allow":["GET"]}}],"collection":[{"href":"https:\/\/www.europesays.com\/ee\/wp-json\/wp\/v2\/posts"}],"about":[{"href":"https:\/\/www.europesays.com\/ee\/wp-json\/wp\/v2\/types\/post"}],"author":[{"embeddable":true,"href":"https:\/\/www.europesays.com\/ee\/wp-json\/wp\/v2\/users\/2"}],"replies":[{"embeddable":true,"href":"https:\/\/www.europesays.com\/ee\/wp-json\/wp\/v2\/comments?post=201719"}],"version-history":[{"count":0,"href":"https:\/\/www.europesays.com\/ee\/wp-json\/wp\/v2\/posts\/201719\/revisions"}],"wp:featuredmedia":[{"embeddable":true,"href":"https:\/\/www.europesays.com\/ee\/wp-json\/wp\/v2\/media\/201720"}],"wp:attachment":[{"href":"https:\/\/www.europesays.com\/ee\/wp-json\/wp\/v2\/media?parent=201719"}],"wp:term":[{"taxonomy":"category","embeddable":true,"href":"https:\/\/www.europesays.com\/ee\/wp-json\/wp\/v2\/categories?post=201719"},{"taxonomy":"post_tag","embeddable":true,"href":"https:\/\/www.europesays.com\/ee\/wp-json\/wp\/v2\/tags?post=201719"}],"curies":[{"name":"wp","href":"https:\/\/api.w.org\/{rel}","templated":true}]}}