{"id":201857,"date":"2026-06-12T12:59:30","date_gmt":"2026-06-12T12:59:30","guid":{"rendered":"https:\/\/www.europesays.com\/ee\/201857\/"},"modified":"2026-06-12T12:59:30","modified_gmt":"2026-06-12T12:59:30","slug":"prantsusmaa-kaalub-uhe-variandina-kaja-kallase-rolli-tugevdamist-maailm-postimees-ee","status":"publish","type":"post","link":"https:\/\/www.europesays.com\/ee\/201857\/","title":{"rendered":"Prantsusmaa kaalub \u00fche variandina Kaja Kallase rolli tugevdamist &#8211; Maailm &#8211; Postimees.ee"},"content":{"rendered":"<ol>\n<li><a href=\"https:\/\/news.google.com\/rss\/articles\/CBMiogFBVV95cUxOcFBiZ3BWZF9ERlhhNGsxSk1WQ2JEMlFRNE5mNW9CZlpwTkwxZklELUE4am8yMjBocDVXRHNXMkdSdlUtN2syNkJnaGc2em9jeDRHYmxqNE9uTWUwQU90amQ1SXdZb1JySDRuSDczZDZMYXlTRTVndDdjR1dHRWY3cUZNTDJCOVdDaGU0ZlhwVXhmbzVUTlpBMTlKMWR2RHdyOWc?oc=5\" target=\"_blank\" rel=\"nofollow noopener\">Prantsusmaa kaalub \u00fche variandina Kaja Kallase rolli tugevdamist<\/a>&nbsp;&nbsp;Maailm &#8211; Postimees.ee<\/li>\n<li><a href=\"https:\/\/news.google.com\/rss\/articles\/CBMioAFBVV95cUxQRklnQnB1bGw2X00zejRnNExMT2ZsQWR5eXBLbkhEck5uZVExSC1sYm9tSFJDU3Fzc3hWaTVYc0NCVGgxZUdDOUhkUWRwVDZ5YWcwa0swa2trVlVwRzZUX24xeUxycG9GUDNEdlVnaTFIYy1rcEE3Sy04QmlyUXZmUWwxMklQS0lPRENhZ3VESzA5c3NXSzJwN3VkV2gwQk52?oc=5\" target=\"_blank\" rel=\"nofollow noopener\">FT: Euroopa v\u00f5tmeriigid tahavad k\u00e4rpida Kaja Kallase v\u00f5imu<\/a>&nbsp;&nbsp;\u00c4rip\u00e4ev<\/li>\n<li><a href=\"https:\/\/news.google.com\/rss\/articles\/CBMiygFBVV95cUxPa3ZfZFJ0VkEyUzgxekdXUFJPTUlxRzVRNFY0Qk1tUEdDSFR6a2NBM3NodkRxVTljeWdGTGtWZWJNSFNET19EUDBSWTdxX1FTSjJxUE5LOTk5NzBJalRRaEMwWHNqOFRRVFQyWHpESFhKWDJZYWk5X0IySF9mS014cWF4R2J6bEp5a09ZZnF2azBXRldvc0t6bVIyQUVJcmR6QmNvRzlaTGlMczZNd1FTSnZidHppTlVldkxWQlZobnZlbTVjdzdZTzBB?oc=5\" target=\"_blank\" rel=\"nofollow noopener\">Euroopa riigid tahavad terve Kallase juhitava v\u00e4listeenistuse laiali saata, kuna teda peetakse n\u00f5rgaks<\/a>&nbsp;&nbsp;eestinen<\/li>\n<li><a href=\"https:\/\/news.google.com\/rss\/articles\/CBMiP0FVX3lxTE9zeHdBcEdvTU5EWElaR3ZTWVZwLU1LSTdEVVQwekJBYWp0LU1yQmI5M185ekRQa29ObFVnbzdsUQ?oc=5\" target=\"_blank\" rel=\"nofollow noopener\">Kaja Kallas viskab ka Euroopa v\u00f5tmeriikidel \u00fcle<\/a>&nbsp;&nbsp;Uudis.net<\/li>\n<li><a href=\"https:\/\/news.google.com\/rss\/articles\/CBMirAFBVV95cUxOTHlSWG1pVlhVMTR5U0w4YjBTallnT2prNU5pMnNCYzFlVWI5RlF0cVFlLVluTzFyOFlsOFQwMmNwVU5lcVJmU2F2TEFVTkk1Y2dpbG80UmFxRjU4VGgwTTN4UUdzdVJ4cFdMcjcwQ2lDV0dsVks4ekVmM0ZyT1F6d1ItdjRvVnBwdVM1TEZiR3V2Q05jbjZucWZ3SDBjX2NBOU5iQ1BKeXlkb014?oc=5\" target=\"_blank\" rel=\"nofollow noopener\">Prantsusmaa ja Saksamaa kaaluvad Kaja Kallase juhitava EL-i v\u00e4listeenistuse reformimist<\/a>&nbsp;&nbsp;MinuAeg<\/li>\n<\/ol>\n","protected":false},"excerpt":{"rendered":"Prantsusmaa kaalub \u00fche variandina Kaja Kallase rolli tugevdamist&nbsp;&nbsp;Maailm &#8211; Postimees.ee FT: Euroopa v\u00f5tmeriigid tahavad k\u00e4rpida Kaja Kallase v\u00f5imu&nbsp;&nbsp;\u00c4rip\u00e4ev&hellip;\n","protected":false},"author":2,"featured_media":201858,"comment_status":"","ping_status":"","sticky":false,"template":"","format":"standard","meta":{"footnotes":"","_share_on_mastodon":"0"},"categories":[80],"tags":[26,27,37,18890,33,35,34,36,2337,590,31,32,21,1639,28,29,95,19,25,23,24,22,20,30,92,93,94],"class_list":["post-201857","post","type-post","status-publish","format-standard","has-post-thumbnail","category-maailm","tag-breaking-news","tag-breakingnews","tag-ee","tag-eeas","tag-eesti","tag-eesti-keel","tag-estonia","tag-estonian","tag-euroopa-komisjon","tag-euroopa-liit","tag-featured-news","tag-featurednews","tag-headlines","tag-kaja-kallas","tag-latest-news","tag-latestnews","tag-maailm","tag-news","tag-populaarseimad-lood","tag-top-stories","tag-topstories","tag-uldised-uudised","tag-uudised","tag-viimased-uudised","tag-world","tag-world-news","tag-worldnews"],"share_on_mastodon":{"url":"https:\/\/pubeurope.com\/@ee\/116737262652859752","error":""},"_links":{"self":[{"href":"https:\/\/www.europesays.com\/ee\/wp-json\/wp\/v2\/posts\/201857","targetHints":{"allow":["GET"]}}],"collection":[{"href":"https:\/\/www.europesays.com\/ee\/wp-json\/wp\/v2\/posts"}],"about":[{"href":"https:\/\/www.europesays.com\/ee\/wp-json\/wp\/v2\/types\/post"}],"author":[{"embeddable":true,"href":"https:\/\/www.europesays.com\/ee\/wp-json\/wp\/v2\/users\/2"}],"replies":[{"embeddable":true,"href":"https:\/\/www.europesays.com\/ee\/wp-json\/wp\/v2\/comments?post=201857"}],"version-history":[{"count":0,"href":"https:\/\/www.europesays.com\/ee\/wp-json\/wp\/v2\/posts\/201857\/revisions"}],"wp:featuredmedia":[{"embeddable":true,"href":"https:\/\/www.europesays.com\/ee\/wp-json\/wp\/v2\/media\/201858"}],"wp:attachment":[{"href":"https:\/\/www.europesays.com\/ee\/wp-json\/wp\/v2\/media?parent=201857"}],"wp:term":[{"taxonomy":"category","embeddable":true,"href":"https:\/\/www.europesays.com\/ee\/wp-json\/wp\/v2\/categories?post=201857"},{"taxonomy":"post_tag","embeddable":true,"href":"https:\/\/www.europesays.com\/ee\/wp-json\/wp\/v2\/tags?post=201857"}],"curies":[{"name":"wp","href":"https:\/\/api.w.org\/{rel}","templated":true}]}}