{"id":201931,"date":"2026-06-12T14:19:11","date_gmt":"2026-06-12T14:19:11","guid":{"rendered":"https:\/\/www.europesays.com\/ee\/201931\/"},"modified":"2026-06-12T14:19:11","modified_gmt":"2026-06-12T14:19:11","slug":"ajalehtede-ja-ajakirjade-kojukanne-muutub-kulupohiseks-majandus","status":"publish","type":"post","link":"https:\/\/www.europesays.com\/ee\/201931\/","title":{"rendered":"Ajalehtede ja ajakirjade kojukanne muutub kulup\u00f5hiseks | Majandus"},"content":{"rendered":"<p>Riigikogus teise lugemise l\u00e4binud seaduseeln\u00f5uga muutub perioodika kojukanne kulup\u00f5hiseks ning Omniva juht peab seda positiivseks, meediaettev\u00f5tete liit aga t\u00f5des, et tulevikus peavad \u00fcha v\u00e4hemad tellijad kandma \u00fcha suuremaid kulusid.<\/p>\n<p>Neljap\u00e4eval l\u00e4bis riigikogus teise lugemise postiseaduse, konkurentsiseaduse ja riigil\u00f5ivuseaduse muutmise seaduse eeln\u00f5u. Selle j\u00e4rgi viiakse aastast 2029 perioodika v\u00e4ljaannete kojukanne universaalse postiteenuse alla ning perioodika kojukanne muutub kulup\u00f5hiseks.<\/p>\n<p>Omniva tegevjuht Martti Kuldma \u00fctles ERR-ile, et selgelt s\u00e4testatakse \u00e4ra ka hinnastamise p\u00f5him\u00f5tted.<\/p>\n<p>&#8220;Ehk kui kirjade poolel oli hinnastamine enne postiseaduse muudatust taskukohane, siis edaspidi on ta kulup\u00f5hine, et tagada ka teenusepakkujale pikaajaline v\u00f5ime teenust kvaliteetset osutada,&#8221; r\u00e4\u00e4kis Kuldma.<\/p>\n<p>Ta lisas, et kui mahud v\u00e4henevad, v\u00f5ib loomulikult t\u00f5usta ka \u00fchikuhind. Perioodika kojukandest ja hinnast r\u00e4\u00e4kides tuleb Kuldma s\u00f5nul aru saada, et tegelikult maksavad kliendid ju ajalehtede v\u00e4ljaandjatele, mis t\u00e4hendab, et hind l\u00f5pptarbijale ei ole otseselt seotud kandehinnaga. Viimane on ainult \u00fcks v\u00e4ike komponent kogu v\u00e4ljaandmise kulust. Muudatust peab Omniva juht positiivseks.<\/p>\n<p>&#8220;Tegelikult see v\u00f5tab \u00e4ra fookuse meediamajade ja meie vahelistest l\u00e4bir\u00e4\u00e4kimistest, hinna kujundamise mehhanism on edaspidi reguleeritud seaduse alusel, mida kontrollib konkurentsiamet,&#8221; p\u00f5hjendas Kuldma.<\/p>\n<p>Eesti Meediaettev\u00f5tete Liidu juhatuse liige V\u00e4ino Koorberg n\u00e4eb muutuse positiivseid tulemeid, kuid t\u00f5deb, et tarvis on ka edaspidiseid lahendusi.<\/p>\n<p>&#8220;Tegelikult kojukande hind on igal aastal kerkinud ja me ei ole ka k\u00f5ikide olemasolevate lepingute juures hinnat\u00f5usust p\u00e4\u00e4senud,&#8221; t\u00f5des ta. &#8220;\u00dchtpidi saame me aru postiettev\u00f5ttest ja teistpidi me m\u00f5lemad oleme pandud suletud s\u00fcsteemi, et paberv\u00e4ljaannete tarbijate hulk t\u00f5epoolest v\u00e4heneb, nagu ka v\u00e4heneb kirjasaatjate hulk, ta v\u00e4heneb drastilisel m\u00e4\u00e4ral ja teisipidi kasvavad kulud.&#8221;<\/p>\n<p>Koorbergi s\u00f5nul t\u00e4hendabki see, et \u00fcha v\u00e4hemad tellijad peavad kandma \u00fcha suuremaid kulusid.<\/p>\n<p>&#8220;V\u00e4heneval turul t\u00e4hendab see seda, et \u00fchel hetkel muutub see k\u00f5ik ebam\u00f5istlikuks,&#8221; \u00fctles Koorberg.<\/p>\n","protected":false},"excerpt":{"rendered":"Riigikogus teise lugemise l\u00e4binud seaduseeln\u00f5uga muutub perioodika kojukanne kulup\u00f5hiseks ning Omniva juht peab seda positiivseks, meediaettev\u00f5tete liit aga&hellip;\n","protected":false},"author":2,"featured_media":201932,"comment_status":"","ping_status":"","sticky":false,"template":"","format":"standard","meta":{"footnotes":"","_share_on_mastodon":"0"},"categories":[12],"tags":[23626,26,27,37,33,35,255,34,36,31,32,21,28,29,46392,19,254,83792,25,83791,23,24,22,20,30],"class_list":["post-201931","post","type-post","status-publish","format-standard","has-post-thumbnail","category-eesti","tag-ajalehtede-kojukanne","tag-breaking-news","tag-breakingnews","tag-ee","tag-eesti","tag-eesti-keel","tag-eesti-post","tag-estonia","tag-estonian","tag-featured-news","tag-featurednews","tag-headlines","tag-latest-news","tag-latestnews","tag-meediaettevotete-liit","tag-news","tag-omniva","tag-perioodika-kojukanne","tag-populaarseimad-lood","tag-postiseadus","tag-top-stories","tag-topstories","tag-uldised-uudised","tag-uudised","tag-viimased-uudised"],"share_on_mastodon":{"url":"https:\/\/pubeurope.com\/@ee\/116737577081836487","error":""},"_links":{"self":[{"href":"https:\/\/www.europesays.com\/ee\/wp-json\/wp\/v2\/posts\/201931","targetHints":{"allow":["GET"]}}],"collection":[{"href":"https:\/\/www.europesays.com\/ee\/wp-json\/wp\/v2\/posts"}],"about":[{"href":"https:\/\/www.europesays.com\/ee\/wp-json\/wp\/v2\/types\/post"}],"author":[{"embeddable":true,"href":"https:\/\/www.europesays.com\/ee\/wp-json\/wp\/v2\/users\/2"}],"replies":[{"embeddable":true,"href":"https:\/\/www.europesays.com\/ee\/wp-json\/wp\/v2\/comments?post=201931"}],"version-history":[{"count":0,"href":"https:\/\/www.europesays.com\/ee\/wp-json\/wp\/v2\/posts\/201931\/revisions"}],"wp:featuredmedia":[{"embeddable":true,"href":"https:\/\/www.europesays.com\/ee\/wp-json\/wp\/v2\/media\/201932"}],"wp:attachment":[{"href":"https:\/\/www.europesays.com\/ee\/wp-json\/wp\/v2\/media?parent=201931"}],"wp:term":[{"taxonomy":"category","embeddable":true,"href":"https:\/\/www.europesays.com\/ee\/wp-json\/wp\/v2\/categories?post=201931"},{"taxonomy":"post_tag","embeddable":true,"href":"https:\/\/www.europesays.com\/ee\/wp-json\/wp\/v2\/tags?post=201931"}],"curies":[{"name":"wp","href":"https:\/\/api.w.org\/{rel}","templated":true}]}}