{"id":202002,"date":"2026-06-12T15:44:11","date_gmt":"2026-06-12T15:44:11","guid":{"rendered":"https:\/\/www.europesays.com\/ee\/202002\/"},"modified":"2026-06-12T15:44:11","modified_gmt":"2026-06-12T15:44:11","slug":"kas-inglismaa-lipp-hirmutab-migrante-mmi-eel-puhkes-suurbritannias-tuline-vaidlus","status":"publish","type":"post","link":"https:\/\/www.europesays.com\/ee\/202002\/","title":{"rendered":"Kas Inglismaa lipp hirmutab migrante? MMi eel puhkes Suurbritannias tuline vaidlus"},"content":{"rendered":"<p>Mitmed Inglismaa omavalitsused kutsuvad enne jalgpalli maailmameistriv\u00f5istlusi elanikke \u00fcles mitte kinnitama Inglismaa lippe laternapostide, liiklusm\u00e4rkide ja muu avaliku taristu k\u00fclge, lubades loata paigaldatud s\u00fcmboolika eemaldada. See on vallandanud s\u00fc\u00fcdistused, et v\u00f5imud peavad Inglismaa lipu v\u00e4ljapanekut migrantide jaoks hirmutavaks.<\/p>\n","protected":false},"excerpt":{"rendered":"Mitmed Inglismaa omavalitsused kutsuvad enne jalgpalli maailmameistriv\u00f5istlusi elanikke \u00fcles mitte kinnitama Inglismaa lippe laternapostide, liiklusm\u00e4rkide ja muu avaliku&hellip;\n","protected":false},"author":2,"featured_media":202003,"comment_status":"","ping_status":"","sticky":false,"template":"","format":"standard","meta":{"footnotes":"","_share_on_mastodon":"0"},"categories":[18],"tags":[49947,37,33,35,34,36,129,83819,41766,7876,5274,159,158],"class_list":["post-202002","post","type-post","status-publish","format-standard","has-post-thumbnail","category-sport","tag-bristol","tag-ee","tag-eesti","tag-eesti-keel","tag-estonia","tag-estonian","tag-immigratsioon","tag-inglismaa-lipp","tag-jalgpalli-maailmameistrivoistlused","tag-kohalik-omavalitsus","tag-nigel-farage","tag-sport","tag-sports"],"share_on_mastodon":{"url":"https:\/\/pubeurope.com\/@ee\/116737911360357131","error":""},"_links":{"self":[{"href":"https:\/\/www.europesays.com\/ee\/wp-json\/wp\/v2\/posts\/202002","targetHints":{"allow":["GET"]}}],"collection":[{"href":"https:\/\/www.europesays.com\/ee\/wp-json\/wp\/v2\/posts"}],"about":[{"href":"https:\/\/www.europesays.com\/ee\/wp-json\/wp\/v2\/types\/post"}],"author":[{"embeddable":true,"href":"https:\/\/www.europesays.com\/ee\/wp-json\/wp\/v2\/users\/2"}],"replies":[{"embeddable":true,"href":"https:\/\/www.europesays.com\/ee\/wp-json\/wp\/v2\/comments?post=202002"}],"version-history":[{"count":0,"href":"https:\/\/www.europesays.com\/ee\/wp-json\/wp\/v2\/posts\/202002\/revisions"}],"wp:featuredmedia":[{"embeddable":true,"href":"https:\/\/www.europesays.com\/ee\/wp-json\/wp\/v2\/media\/202003"}],"wp:attachment":[{"href":"https:\/\/www.europesays.com\/ee\/wp-json\/wp\/v2\/media?parent=202002"}],"wp:term":[{"taxonomy":"category","embeddable":true,"href":"https:\/\/www.europesays.com\/ee\/wp-json\/wp\/v2\/categories?post=202002"},{"taxonomy":"post_tag","embeddable":true,"href":"https:\/\/www.europesays.com\/ee\/wp-json\/wp\/v2\/tags?post=202002"}],"curies":[{"name":"wp","href":"https:\/\/api.w.org\/{rel}","templated":true}]}}