{"id":202006,"date":"2026-06-12T15:48:17","date_gmt":"2026-06-12T15:48:17","guid":{"rendered":"https:\/\/www.europesays.com\/ee\/202006\/"},"modified":"2026-06-12T15:48:17","modified_gmt":"2026-06-12T15:48:17","slug":"blogi-paul-aron-soitis-barcelona-vabatreeningul-valja-kuuenda-aja-ja-sai-f1-eksperdilt-kiita","status":"publish","type":"post","link":"https:\/\/www.europesays.com\/ee\/202006\/","title":{"rendered":"BLOGI | Paul Aron s\u00f5itis Barcelona vabatreeningul v\u00e4lja kuuenda aja ja sai F1 eksperdilt kiita"},"content":{"rendered":"<p>22-aastane Aron on Alpine\u2019i v\u00f5istkonna varus\u00f5itja, ent sel ja j\u00e4rgmisel etapil Austrias s\u00f5idab ta esimesel vabatreeningul Audiga. Barcelonas Nico H\u00fclkenbergi masina enda k\u00e4sutusse saanud Aron oli reedel heas hoos, kui ta s\u00f5itis vabatreeningul v\u00e4lja kuuenda aja. 24 ringi l\u00e4binud eestlase parim aeg oli 1.17,321, millega ta kaotas sessiooni kiireimale George Russellile (Mercedes) 0,958 sekundiga. Audi p\u00f5his\u00f5itja Gabriel Bortoleto oli 12. (+1,846).<\/p>\n<p>Aroni esitust kiitis Sky Sportsi eetris vormeliekspert ja s\u00f5itjana 11 F1 etappi kirja saanud indialane Karun Chandhok. \u201ePaul Aron oli minu jaoks see, kes silma paistis. Aronil on veidi rohkem kogemusi ja teste selja taga (kui teistel noors\u00f5itjatel), aga istuda kollanokana autosse ning olla eespool p\u00f5his\u00f5itjast (Bortoleto) on muljetavaldav,\u201c kiitis Chandhok. \u201eTean, et Bortoletol oli keeruline sessioon, aga Aron Audiga esikuuikus on v\u00e4ga tugev esitus.\u201c <\/p>\n<p>Aroni jaoks oli see karj\u00e4\u00e4ri kuues vormel 1 ametlik vabatreening. Eelmisel aastal tegi ta esimese vabatreeningu kaasa Silverstone\u2019is ja Budapestis (Kick Sauberi tiimis) ning Monzas, Mehhikos ja Abu Dhabis (Alpine\u2019i roolis).<\/p>\n<p>Barcelonas on reedel kavas veel \u00fcks vabatreening, laup\u00e4eval toimub ka kolmas. Kvalifikatsioon algab laup\u00e4eval Eesti aja j\u00e4rgi kell 17 ja p\u00f5his\u00f5it p\u00fchap\u00e4eval kell 16.<\/p>\n<p>Kuidas see lugu Sind end tundma pani? Saada <a href=\"https:\/\/sport.delfi.ee\/a\/120590473\/kommentaarid\" class=\"article-body-bottom__comment article-body-bottom__comment--write button button--primary button--size-auto\" rel=\"nofollow noopener\" target=\"_blank\"> Kommenteeri <\/a><a href=\"https:\/\/sport.delfi.ee\/a\/120590473\/kommentaarid\" class=\"article-body-bottom__comment article-body-bottom__comment--read button button--size-auto\" rel=\"nofollow noopener\" target=\"_blank\"> Loe kommentaare (9)<\/a><\/p>\n","protected":false},"excerpt":{"rendered":"22-aastane Aron on Alpine\u2019i v\u00f5istkonna varus\u00f5itja, ent sel ja j\u00e4rgmisel etapil Austrias s\u00f5idab ta esimesel vabatreeningul Audiga. Barcelonas&hellip;\n","protected":false},"author":2,"featured_media":202007,"comment_status":"","ping_status":"","sticky":false,"template":"","format":"standard","meta":{"footnotes":"","_share_on_mastodon":"0"},"categories":[5],"tags":[1164,18982,26,27,37,33,35,34,36,31,32,3306,21,28,29,19,1163,25,23,24,22,20,30,4487],"class_list":["post-202006","post","type-post","status-publish","format-standard","has-post-thumbnail","category-uldised-uudised","tag-alpine","tag-audi","tag-breaking-news","tag-breakingnews","tag-ee","tag-eesti","tag-eesti-keel","tag-estonia","tag-estonian","tag-featured-news","tag-featurednews","tag-fia","tag-headlines","tag-latest-news","tag-latestnews","tag-news","tag-paul-aron","tag-populaarseimad-lood","tag-top-stories","tag-topstories","tag-uldised-uudised","tag-uudised","tag-viimased-uudised","tag-vormel-1"],"share_on_mastodon":{"url":"https:\/\/pubeurope.com\/@ee\/116737927145767822","error":""},"_links":{"self":[{"href":"https:\/\/www.europesays.com\/ee\/wp-json\/wp\/v2\/posts\/202006","targetHints":{"allow":["GET"]}}],"collection":[{"href":"https:\/\/www.europesays.com\/ee\/wp-json\/wp\/v2\/posts"}],"about":[{"href":"https:\/\/www.europesays.com\/ee\/wp-json\/wp\/v2\/types\/post"}],"author":[{"embeddable":true,"href":"https:\/\/www.europesays.com\/ee\/wp-json\/wp\/v2\/users\/2"}],"replies":[{"embeddable":true,"href":"https:\/\/www.europesays.com\/ee\/wp-json\/wp\/v2\/comments?post=202006"}],"version-history":[{"count":0,"href":"https:\/\/www.europesays.com\/ee\/wp-json\/wp\/v2\/posts\/202006\/revisions"}],"wp:featuredmedia":[{"embeddable":true,"href":"https:\/\/www.europesays.com\/ee\/wp-json\/wp\/v2\/media\/202007"}],"wp:attachment":[{"href":"https:\/\/www.europesays.com\/ee\/wp-json\/wp\/v2\/media?parent=202006"}],"wp:term":[{"taxonomy":"category","embeddable":true,"href":"https:\/\/www.europesays.com\/ee\/wp-json\/wp\/v2\/categories?post=202006"},{"taxonomy":"post_tag","embeddable":true,"href":"https:\/\/www.europesays.com\/ee\/wp-json\/wp\/v2\/tags?post=202006"}],"curies":[{"name":"wp","href":"https:\/\/api.w.org\/{rel}","templated":true}]}}