{"id":202098,"date":"2026-06-12T17:37:12","date_gmt":"2026-06-12T17:37:12","guid":{"rendered":"https:\/\/www.europesays.com\/ee\/202098\/"},"modified":"2026-06-12T17:37:12","modified_gmt":"2026-06-12T17:37:12","slug":"rakendusliku-kolledzi-osalusel-loodud-vabatahtlikutoo-rakendus-palvis-tunnustuse","status":"publish","type":"post","link":"https:\/\/www.europesays.com\/ee\/202098\/","title":{"rendered":"Rakendusliku kolled\u017ei osalusel loodud vabatahtlikut\u00f6\u00f6 rakendus p\u00e4lvis tunnustuse"},"content":{"rendered":"<p>Tegemist on juba teise m\u00e4rkimisv\u00e4\u00e4rse Euroopa tunnustusega projektile, mis v\u00f5itis mullu ka European Innovative Teaching Awardi.<\/p>\n<p>VOLUGRAM \u00fchendas 2024. aasta Euroopa kultuuripealinnad Tartu, Bod\u00f8 Norrast ja Bad Ischl-Salzkammergut Austriast, et arendada \u00f5ppivaid kogukondi ning v\u00e4\u00e4rtustada vabatahtlikku tegevust kui olulist \u00f5ppimise ja enesearengu vormi.<\/p>\n<p>Projekti keskmes oli eesm\u00e4rk muuta vabatahtliku tegevuse k\u00e4igus omandatud oskused n\u00e4htavaks ja tunnustatuks. Selleks t\u00f6\u00f6tati v\u00e4lja mitmekeelne digitaalne rakendus, mis v\u00f5imaldab hinnata, dokumenteerida ja t\u00f5endada vabatahtliku t\u00f6\u00f6 k\u00e4igus arenenud p\u00e4devusi.<\/p>\n<p>Lisaks loodi uusi koost\u00f6\u00f6v\u00f5rgustikke ning jagati teadmisi kogukondade, haridusasutuste ja vabatahtlike organisatsioonide vahel.<\/p>\n<p>European Innovative Teaching Award 2025 tunnustas VOLUGRAMi panust uuenduslike \u00f5ppimisv\u00f5imaluste loomisel ja kodanikup\u00e4devuste arendamisel. EAEA Grundtvig Award 2026 t\u00f5stis esile projekti m\u00f5ju kogukondade tugevdamisel, elukestva \u00f5ppe edendamisel ning rahvusvahelise koost\u00f6\u00f6 arendamisel.<\/p>\n<p>VOLUGRAMi edu kinnitab, et \u00f5ppimine toimub ka v\u00e4ljaspool klassiruumi. Vabatahtlik tegevus aitab arendada meeskonnat\u00f6\u00f6-, suhtlemis-, probleemilahendus- ja juhtimisoskusi ning toetab aktiivsete ja vastutustundlike kogukonnaliikmete kujunemist.<\/p>\n","protected":false},"excerpt":{"rendered":"Tegemist on juba teise m\u00e4rkimisv\u00e4\u00e4rse Euroopa tunnustusega projektile, mis v\u00f5itis mullu ka European Innovative Teaching Awardi. VOLUGRAM \u00fchendas&hellip;\n","protected":false},"author":2,"featured_media":202099,"comment_status":"","ping_status":"","sticky":false,"template":"","format":"standard","meta":{"footnotes":"","_share_on_mastodon":"0"},"categories":[12],"tags":[26,27,37,33,35,14469,34,36,31,32,21,28,29,19,25,4071,23,24,22,20,30,44826,83837],"class_list":["post-202098","post","type-post","status-publish","format-standard","has-post-thumbnail","category-eesti","tag-breaking-news","tag-breakingnews","tag-ee","tag-eesti","tag-eesti-keel","tag-erasmus","tag-estonia","tag-estonian","tag-featured-news","tag-featurednews","tag-headlines","tag-latest-news","tag-latestnews","tag-news","tag-populaarseimad-lood","tag-tartu-rakenduslik-kolledz","tag-top-stories","tag-topstories","tag-uldised-uudised","tag-uudised","tag-viimased-uudised","tag-voco","tag-volugram"],"share_on_mastodon":{"url":"https:\/\/pubeurope.com\/@ee\/116738355583412471","error":""},"_links":{"self":[{"href":"https:\/\/www.europesays.com\/ee\/wp-json\/wp\/v2\/posts\/202098","targetHints":{"allow":["GET"]}}],"collection":[{"href":"https:\/\/www.europesays.com\/ee\/wp-json\/wp\/v2\/posts"}],"about":[{"href":"https:\/\/www.europesays.com\/ee\/wp-json\/wp\/v2\/types\/post"}],"author":[{"embeddable":true,"href":"https:\/\/www.europesays.com\/ee\/wp-json\/wp\/v2\/users\/2"}],"replies":[{"embeddable":true,"href":"https:\/\/www.europesays.com\/ee\/wp-json\/wp\/v2\/comments?post=202098"}],"version-history":[{"count":0,"href":"https:\/\/www.europesays.com\/ee\/wp-json\/wp\/v2\/posts\/202098\/revisions"}],"wp:featuredmedia":[{"embeddable":true,"href":"https:\/\/www.europesays.com\/ee\/wp-json\/wp\/v2\/media\/202099"}],"wp:attachment":[{"href":"https:\/\/www.europesays.com\/ee\/wp-json\/wp\/v2\/media?parent=202098"}],"wp:term":[{"taxonomy":"category","embeddable":true,"href":"https:\/\/www.europesays.com\/ee\/wp-json\/wp\/v2\/categories?post=202098"},{"taxonomy":"post_tag","embeddable":true,"href":"https:\/\/www.europesays.com\/ee\/wp-json\/wp\/v2\/tags?post=202098"}],"curies":[{"name":"wp","href":"https:\/\/api.w.org\/{rel}","templated":true}]}}