{"id":202145,"date":"2026-06-12T18:40:12","date_gmt":"2026-06-12T18:40:12","guid":{"rendered":"https:\/\/www.europesays.com\/ee\/202145\/"},"modified":"2026-06-12T18:40:12","modified_gmt":"2026-06-12T18:40:12","slug":"kuum-klops-milline-dekoltee-jennifer-lopez-puudis-pilke-sugava-loikega-minikleidis","status":"publish","type":"post","link":"https:\/\/www.europesays.com\/ee\/202145\/","title":{"rendered":"KUUM KL\u00d5PS | Milline dekoltee! Jennifer Lopez p\u00fc\u00fcdis pilke s\u00fcgava l\u00f5ikega minikleidis"},"content":{"rendered":"<p>Neljap\u00e4eval avaldas lauljatar Jennifer Lopez (56) sotsiaalmeedias endast mitu pilti, kus p\u00fc\u00fcdis pilke oma silmatorkava v\u00e4limusega. Popstaar oli selga valinud minikleidi, millel oli \u00e4\u00e4rmiselt s\u00fcgav dekoltee. Jalga oli ta pannud poole reieni ulatuvad mustad saapad, mille juurde sobitas ta v\u00f5rgumustrilised sukad. <\/p>\n<p>V\u00e4lismeedia tituleeris Jenniferi r\u00f5ivavaliku sensatsiooniliseks ja kirjutas, et see t\u00f5i lauljatari figuuri kaunilt esile. Oma blondid kiharad oli ta s\u00e4ttinud kergetesse lokkidesse ning ehetest kandis ta vaid k\u00f5rvar\u00f5ngaid. <\/p>\n<p>Jennifer avaldas endast mitu pilti, suur osa neist oli tehtud tema hotellitoas. \u201eK\u00f5ik on h\u00e4sti,\u201c kirjutas ta algup\u00e4raselt prantsuse keeles enda postituse juurde. <\/p>\n<p>Jenniferi f\u00e4nnid kiitsid tema kuumad fotod kiirelt heaks. \u201eNii ilus,\u201c kirjutas \u00fcks kommenteerija. Leidus aga ka neidki, kes tundsid, et lauljatar on oma v\u00e4limust k\u00e4inud noa all tuunimas ja soovitasid tal naturaalse ilu teed minna. <\/p>\n<p>Kuidas see lugu Sind end tundma pani? Saada <a href=\"https:\/\/kroonika.delfi.ee\/artikkel\/120590583\/kuum-klops-milline-dekoltee-jennifer-lopez-puudis-pilke-sugava-loikega-minikleidis\/kommentaarid\" class=\"article-body-bottom__comment article-body-bottom__comment--write button button--primary button--size-auto\" rel=\"nofollow noopener\" target=\"_blank\"> Kommenteeri <\/a><a href=\"https:\/\/kroonika.delfi.ee\/artikkel\/120590583\/kuum-klops-milline-dekoltee-jennifer-lopez-puudis-pilke-sugava-loikega-minikleidis\/kommentaarid\" class=\"article-body-bottom__comment article-body-bottom__comment--read button button--size-auto\" rel=\"nofollow noopener\" target=\"_blank\"> Loe kommentaare (1)<\/a><\/p>\n","protected":false},"excerpt":{"rendered":"Neljap\u00e4eval avaldas lauljatar Jennifer Lopez (56) sotsiaalmeedias endast mitu pilti, kus p\u00fc\u00fcdis pilke oma silmatorkava v\u00e4limusega. Popstaar oli&hellip;\n","protected":false},"author":2,"featured_media":202146,"comment_status":"","ping_status":"","sticky":false,"template":"","format":"standard","meta":{"footnotes":"","_share_on_mastodon":"0"},"categories":[16],"tags":[11814,37,33,35,173,34,36,26889,140],"class_list":["post-202145","post","type-post","status-publish","format-standard","has-post-thumbnail","category-meelelahutus","tag-cannes","tag-ee","tag-eesti","tag-eesti-keel","tag-entertainment","tag-estonia","tag-estonian","tag-jennifer-lopez","tag-meelelahutus"],"share_on_mastodon":{"url":"https:\/\/pubeurope.com\/@ee\/116738603484626264","error":""},"_links":{"self":[{"href":"https:\/\/www.europesays.com\/ee\/wp-json\/wp\/v2\/posts\/202145","targetHints":{"allow":["GET"]}}],"collection":[{"href":"https:\/\/www.europesays.com\/ee\/wp-json\/wp\/v2\/posts"}],"about":[{"href":"https:\/\/www.europesays.com\/ee\/wp-json\/wp\/v2\/types\/post"}],"author":[{"embeddable":true,"href":"https:\/\/www.europesays.com\/ee\/wp-json\/wp\/v2\/users\/2"}],"replies":[{"embeddable":true,"href":"https:\/\/www.europesays.com\/ee\/wp-json\/wp\/v2\/comments?post=202145"}],"version-history":[{"count":0,"href":"https:\/\/www.europesays.com\/ee\/wp-json\/wp\/v2\/posts\/202145\/revisions"}],"wp:featuredmedia":[{"embeddable":true,"href":"https:\/\/www.europesays.com\/ee\/wp-json\/wp\/v2\/media\/202146"}],"wp:attachment":[{"href":"https:\/\/www.europesays.com\/ee\/wp-json\/wp\/v2\/media?parent=202145"}],"wp:term":[{"taxonomy":"category","embeddable":true,"href":"https:\/\/www.europesays.com\/ee\/wp-json\/wp\/v2\/categories?post=202145"},{"taxonomy":"post_tag","embeddable":true,"href":"https:\/\/www.europesays.com\/ee\/wp-json\/wp\/v2\/tags?post=202145"}],"curies":[{"name":"wp","href":"https:\/\/api.w.org\/{rel}","templated":true}]}}