{"id":202161,"date":"2026-06-12T19:02:19","date_gmt":"2026-06-12T19:02:19","guid":{"rendered":"https:\/\/www.europesays.com\/ee\/202161\/"},"modified":"2026-06-12T19:02:19","modified_gmt":"2026-06-12T19:02:19","slug":"luhike-reis-palju-voimalusi-euroopa-varjatud-parl-riia-ullatab-suvel-erakordselt-kireva-sundmusteprogrammiga","status":"publish","type":"post","link":"https:\/\/www.europesays.com\/ee\/202161\/","title":{"rendered":"L\u00fchike reis, palju v\u00f5imalusi: Euroopa varjatud p\u00e4rl Riia \u00fcllatab suvel erakordselt kireva s\u00fcndmusteprogrammiga"},"content":{"rendered":"<p>Riia v\u00f5lu peitub selle mitmekesisuses: \u00fche n\u00e4dalavahetusega saab nautida nii keskaegset vanalinna, maailmakuulsat juugendarhitektuuri, kohalikke turge kui ka elavat toidukultuuri. T\u00e4navune suvi t\u00f5otab tulla s\u00fcndmusterohke ja pakub p\u00f5hjust l\u00f5unanaabreid k\u00fclastada rohkem kui \u00fche korra. Tihedasse suvekalendrisse on koondunud linna s\u00fcnnip\u00e4evapidustused, huvitavad jaanitraditsioonid, maailmakuulsate artistide suurkontserdid ja rahvusvahelised festivalid. Toome v\u00e4lja kuus p\u00f5hjust, miks tasub sel suvel pilk p\u00f6\u00f6rata just Riia poole.<\/p>\n<p><img decoding=\"async\" src=\"https:\/\/www.europesays.com\/ee\/wp-content\/uploads\/2026\/06\/b956ee67-5e54-4add-a530-cddbf8c2a872.jpg\" loading=\"lazy\"\/><\/p>\n<p>1. Riia muutub megastaaride lavaks<\/p>\n<p class=\"MsoNormal\">Riia suvine s\u00fcndmustekalender toob kuulajateni t\u00f5elised maailmaklassi staarid, muutes Me\u017eapargi laululava (Me\u017eaparks Great Bandstand) Baltimaade muusika keskpunktiks. Juuli l\u00f5pus vallutab lava oma energia ja maailmakuulsate hittidega Pitbull. Vaid n\u00e4dal hiljem, 6. augustil, toimub Me\u017eapargis Positivus festival, kus oma ainsa kontserdi Baltimaades annab elektroonilise muusika suurnimi Calvin Harris. T\u00e4ielikku festivalimelu t\u00e4iendavad veel mitmed p\u00f5nevad artistid. Suvele pannakse v\u00f5imas punkt 24. septembril, mil maailmaturnee raames toob energilised hiphopi r\u00fctmid Riiga superstaar A$AP Rocky.<\/p>\n<p>2. Jaanipidustused ja suvine p\u00f6\u00f6rip\u00e4ev Riias<\/p>\n<p class=\"MsoNormal\">Sarnaselt eestlaste jaanip\u00e4evaga on l\u00e4tlaste L\u012bgo ja J\u0101\u0146i (23.\u201324. juuni) t\u00e4htis p\u00fcha, mida t\u00e4histatakse meeleolukalt \u00fcle kogu riigi. See on iidsete paganlike juurtega p\u00f6\u00f6rip\u00e4evap\u00fcha, mil kantakse tammelehtedest p\u00e4rgi, h\u00fcpatakse \u00fcle jaanitulede ja p\u00fcsitakse \u00e4rkvel p\u00e4ikeset\u00f5usuni. Riia vanalinnas ja parkides v\u00f5ib siis n\u00e4ha traditsioonilisi jaaniturge, kontserte ja l\u00f5kete s\u00e4ra. Riia pakub v\u00f5imalust kogeda L\u00e4ti t\u00e4htsaimat suvepeo atmosf\u00e4\u00e4ri otse pealinna s\u00fcdames.<\/p>\n<p><img decoding=\"async\" src=\"https:\/\/www.europesays.com\/ee\/wp-content\/uploads\/2026\/06\/aca88266-ed2c-4146-9f93-e9c4fd9b23f5.jpg\" loading=\"lazy\"\/><\/p>\n<p>3. Riia arhitektuur, kohalikud maitsed ja loovlinnakud<\/p>\n<p>Riia on tuntud oma erakordse arhitektuurip\u00e4randi poolest, olles \u00fcks Euroopa rikkalikuma juugendarhitektuuriga linnu. Siinsed juugendstiili (Art Nouveau) hooned on linna t\u00f5eliseks kroonijuveeliks. Jalutusk\u00e4iku juugenstiilis piirkondades ja vanalinnas t\u00e4iustab linna kiiresti arenev gastronoomiaskeene. Autentsete kohalike maitsete ja kaasaegse toidukultuuri avastamiseks tasub sammud seada kahele eriilmelisele turule. Ajalooline Riia Keskturg (Central Market) paistab silma oma suuruse ja kohaliku tooraine k\u00fcllusega, samal ajal kui teisel pool j\u00f5ge asuv trendikas \u0100genskalnsi turg v\u00f5lub k\u00fclastajaid hubase atmosf\u00e4\u00e4ri, elava melu ja p\u00f5neva t\u00e4navatoiduvalikuga.<\/p>\n<p><img decoding=\"async\" src=\"https:\/\/www.europesays.com\/ee\/wp-content\/uploads\/2026\/06\/7cfe30de-5114-4055-9dae-b8f4d4b3a9e1.jpg\" loading=\"lazy\"\/><\/p>\n<p>Veel \u00fcks p\u00f5nev koht, kus saab avastada Riia modernsemat ja loovamat poolt, on Creative Factory Veldze \u2013 v\u00e4rskelt loodud loomekvartal linna s\u00fcdames. Endises karastusjookide tehases paiknev Veldze \u00fchendab endas ajaloolise industriaalarhitektuuri, v\u00e4literrassid, kohvikud, baarid, butiigid ja kultuuripaigad.<\/p>\n<p class=\"MsoNormal\">Sarnaselt Tallinna Telliskivi kvartaliga muutub Veldze suvel elavaks kogunemiskohaks, kus toimuvad kontserdid, n\u00e4itused ja erinevad \u00fcritused \u2013 pakkudes k\u00fclastajatele v\u00f5imalust kogeda Riia teist k\u00fclge, mis erineb tuntumatest vaatamisv\u00e4\u00e4rsustest.<\/p>\n<p><img decoding=\"async\" src=\"https:\/\/www.europesays.com\/ee\/wp-content\/uploads\/2026\/06\/984531dd-f723-4903-9b27-e00d643ed4a9.jpg\" loading=\"lazy\"\/><\/p>\n<p>4. Riga Contemporary Art Fair<\/p>\n<p class=\"MsoNormal\">Suve \u00fcheks olulisemaks kultuuris\u00fcndmuseks on 2.\u20135. juulil toimuv kunstimess Riga Contemporary Art Fair ajaloolises raudteelaos, millest on n\u00fc\u00fcdseks saanud silmapaistev kultuurikeskus Hanzas Perons. Kaasaegse kunsti keskuse Kim? algatatud rahvusvaheline mess toob kokku \u00fcle 35 galerii 15 riigist. Koost\u00f6\u00f6s partneritega kureeritud valik \u00fchendab galeriisid ja kunstnikke nii Baltikumist, P\u00f5hjamaadest, L\u00e4\u00e4ne-Euroopast kui ka USA-st ja Jaapanist. Lisaks kunstiteoste avastamisele rikastavad messi p\u00f5nevad vestlusringid ja esitlused, mis toovad kokku loovvaldkonna tipud \u00fcle maailma. Seda suurt kunstipidu toetab suurep\u00e4raselt ka Riia \u00fclej\u00e4\u00e4nud kirev muuseumide ja galeriide v\u00f5rgustik.<\/p>\n<p>5. Riia suurejooneline 825 aasta juubel: \u201eOpen Riga! Code: 825\u201c<\/p>\n<p class=\"MsoNormal\">Riia suve tipphetkeks on linna 825. s\u00fcnnip\u00e4ev, mida t\u00e4histatakse 15. augustil. Pidustusteks t\u00e4ituvad vanalinn ja Daugava j\u00f5e\u00e4\u00e4rne promenaad kireva s\u00fcndmusteprogrammiga. Daugava kaldapealne muutub \u00fcheks p\u00e4evaks elavaks festivalipaigaks t\u00e4navatoidu, turgude ja elava muusikaga, kus astuvad \u00fcles sellised tuntud L\u00e4ti artistid nagu Citi Z\u0113ni ja Sudden Lights. \u00d5htu kulmineerub juubeliks loodud suurkontserdiga \u201eMy Riga Score\u201c, mis \u00fchendab eri p\u00f5lvkondade muusikud ja kammerorkestri Sinfonietta R\u012bga. Otse kontserdi j\u00e4rel muutub Daugava j\u00f5gi v\u00f5imsaks vaba\u00f5hulavaks, kus laserid, purskkaevud ja videoprojektsioonid sulanduvad lummavaks multimeediaetenduseks, millele j\u00e4rgneb \u00f6\u00f6disko otse taeva all. Kogu programm t\u00e4ieneb pidevalt, tuues kaasa veelgi uusi \u00fcllatusi.<\/p>\n<p>6. Tuulelohede festival Fantadroms<\/p>\n<p class=\"MsoNormal\">Suvele pannakse punkt 29. augustil, mil Daugava j\u00f5e kaldapealsel stardib rahvusvaheline tuulelohede festival Fantadroms. Tegemist on tasuta avaliku linnafestivaliga, kus astuvad \u00fcles professionaalsed lohekunstnikud, t\u00e4ites Riia taeva sadade v\u00e4rvidega. Festivaliga t\u00e4histatakse loovas atmosf\u00e4\u00e4ris suvehooaja l\u00f5ppu ning tervitakse uue kooliaasta algust elava muusika, kontsertide, etenduste ja p\u00f5nevate tegevustega. See on tore ja helge viis, kuidas j\u00e4tta h\u00fcvasti Riia suvega.<\/p>\n","protected":false},"excerpt":{"rendered":"Riia v\u00f5lu peitub selle mitmekesisuses: \u00fche n\u00e4dalavahetusega saab nautida nii keskaegset vanalinna, maailmakuulsat juugendarhitektuuri, kohalikke turge kui ka&hellip;\n","protected":false},"author":2,"featured_media":202162,"comment_status":"","ping_status":"","sticky":false,"template":"","format":"standard","meta":{"footnotes":"","_share_on_mastodon":"0"},"categories":[16],"tags":[37,33,35,173,34,36,140,15332,15329,15330,15331,1250,4261],"class_list":["post-202161","post","type-post","status-publish","format-standard","has-post-thumbnail","category-meelelahutus","tag-ee","tag-eesti","tag-eesti-keel","tag-entertainment","tag-estonia","tag-estonian","tag-meelelahutus","tag-pakkumised","tag-reisijuht","tag-reisikirjad","tag-reisilood","tag-reisimine","tag-reisiuudised"],"share_on_mastodon":{"url":"https:\/\/pubeurope.com\/@ee\/116738690425639336","error":""},"_links":{"self":[{"href":"https:\/\/www.europesays.com\/ee\/wp-json\/wp\/v2\/posts\/202161","targetHints":{"allow":["GET"]}}],"collection":[{"href":"https:\/\/www.europesays.com\/ee\/wp-json\/wp\/v2\/posts"}],"about":[{"href":"https:\/\/www.europesays.com\/ee\/wp-json\/wp\/v2\/types\/post"}],"author":[{"embeddable":true,"href":"https:\/\/www.europesays.com\/ee\/wp-json\/wp\/v2\/users\/2"}],"replies":[{"embeddable":true,"href":"https:\/\/www.europesays.com\/ee\/wp-json\/wp\/v2\/comments?post=202161"}],"version-history":[{"count":0,"href":"https:\/\/www.europesays.com\/ee\/wp-json\/wp\/v2\/posts\/202161\/revisions"}],"wp:featuredmedia":[{"embeddable":true,"href":"https:\/\/www.europesays.com\/ee\/wp-json\/wp\/v2\/media\/202162"}],"wp:attachment":[{"href":"https:\/\/www.europesays.com\/ee\/wp-json\/wp\/v2\/media?parent=202161"}],"wp:term":[{"taxonomy":"category","embeddable":true,"href":"https:\/\/www.europesays.com\/ee\/wp-json\/wp\/v2\/categories?post=202161"},{"taxonomy":"post_tag","embeddable":true,"href":"https:\/\/www.europesays.com\/ee\/wp-json\/wp\/v2\/tags?post=202161"}],"curies":[{"name":"wp","href":"https:\/\/api.w.org\/{rel}","templated":true}]}}