{"id":202236,"date":"2026-06-12T20:31:10","date_gmt":"2026-06-12T20:31:10","guid":{"rendered":"https:\/\/www.europesays.com\/ee\/202236\/"},"modified":"2026-06-12T20:31:10","modified_gmt":"2026-06-12T20:31:10","slug":"koler-prize-2026-laureaadid-on-anna-mari-liivrand-ja-hanna-samoson-kunst","status":"publish","type":"post","link":"https:\/\/www.europesays.com\/ee\/202236\/","title":{"rendered":"K\u00f6ler Prize 2026 laureaadid on Anna Mari Liivrand ja Hanna Samoson | Kunst"},"content":{"rendered":"<p>12. juunil EKKM-is toimunud galal kuulutati K\u00f6ler Prize 2026 peapreemia laureaatideks Anna Mari Liivrand ja Hanna Samoson ning publikupreemia p\u00e4lvis Keiu Maasik.<\/p>\n<p>\u017d\u00fcrii otsustas \u00fcheh\u00e4\u00e4lselt 2026. aasta K\u00f6ler Prize auhinna anda kahele kunstnikule. &#8220;Otsus peegeldas veendumust, et t\u00e4navuse nominentide n\u00e4ituse k\u00f5ige veenvam seisukoht ei olnud mitte \u00fcksik kunstiline vaatepunkt, vaid kahe m\u00e4rkimisv\u00e4\u00e4rselt erineva l\u00e4henemisviisi vaheline viljakas pingev\u00e4li. K\u00f5ik t\u00e4navused nominendid t\u00f5estavad kohaliku kunstiv\u00e4lja k\u00f5rget taset,&#8221; kirjeldas \u017e\u00fcrii pressiteates.<\/p>\n<p>\u017d\u00fcrii hinnangul v\u00e4ljendab m\u00f5lema laureaadi looming vastanduvaid viise, kuidas maailmaga suhestuda: \u00fcks l\u00e4bi sensoorse ja emotsionaalse kogemuse, teine l\u00e4bi anal\u00fc\u00fctilise ja arhitektuurse pilgu. Anna Mari Liivrandi teose juures hindas \u017e\u00fcrii tema loomingu selgust ja j\u00e4rjepidevust ning oskust p\u00f5imida ohtlikku teravust intiimse iluga.<\/p>\n<p>K\u00f6ler Prize&#8217;i peapreemia lauraadid valis \u017e\u00fcrii, kuhu kuulusid kreeka kuraator ja kunstiteadlane Panos Giannikopoulos, Ruperti kunstiresidentuuri ja publikuprogrammide kuraator Monika Lip\u0161ic, kuraator ja PUBLICSi kunstiline juht Paul O&#8217;Neill, Kunstverien Hannoveri juht Christoph Platz-Gallus ning eelmise, 2018. aasta K\u00f6ler Prize peapreemia laureaadid Tanja Muravskaja ja Anna \u0160kodenko.<\/p>\n<p>K\u00f6ler Prize&#8217;i asutas EKKM 2011. aastal, et populariseerida kaasaegset kunsti ning t\u00f5sta esile ja tunnustada kohalikul kunstiv\u00e4ljal silma paistvaid kunstnikke. Viimane, j\u00e4rjekorras seitsmes K\u00f6ler Prize toimus 2018. aastal, p\u00e4rast mida l\u00e4ks auhind kuni t\u00e4navuse aastani pausile.<\/p>\n<p>2026. aasta K\u00f6ler Prize&#8217;i peapreemia suurus on 15 000 eurot, publikupreemia 5000 eurot.\u00a0K\u00f6ler Prize 2026 nominentide n\u00e4itus j\u00e4\u00e4b avatuks 5. juulini.<\/p>\n","protected":false},"excerpt":{"rendered":"12. juunil EKKM-is toimunud galal kuulutati K\u00f6ler Prize 2026 peapreemia laureaatideks Anna Mari Liivrand ja Hanna Samoson ning&hellip;\n","protected":false},"author":2,"featured_media":202237,"comment_status":"","ping_status":"","sticky":false,"template":"","format":"standard","meta":{"footnotes":"","_share_on_mastodon":"0"},"categories":[16],"tags":[26667,37,33,35,173,34,36,72713,23003,140],"class_list":["post-202236","post","type-post","status-publish","format-standard","has-post-thumbnail","category-meelelahutus","tag-anna-mari-liivrand","tag-ee","tag-eesti","tag-eesti-keel","tag-entertainment","tag-estonia","tag-estonian","tag-hanna-samoson","tag-koler-prize","tag-meelelahutus"],"share_on_mastodon":{"url":"https:\/\/pubeurope.com\/@ee\/116739039761169879","error":""},"_links":{"self":[{"href":"https:\/\/www.europesays.com\/ee\/wp-json\/wp\/v2\/posts\/202236","targetHints":{"allow":["GET"]}}],"collection":[{"href":"https:\/\/www.europesays.com\/ee\/wp-json\/wp\/v2\/posts"}],"about":[{"href":"https:\/\/www.europesays.com\/ee\/wp-json\/wp\/v2\/types\/post"}],"author":[{"embeddable":true,"href":"https:\/\/www.europesays.com\/ee\/wp-json\/wp\/v2\/users\/2"}],"replies":[{"embeddable":true,"href":"https:\/\/www.europesays.com\/ee\/wp-json\/wp\/v2\/comments?post=202236"}],"version-history":[{"count":0,"href":"https:\/\/www.europesays.com\/ee\/wp-json\/wp\/v2\/posts\/202236\/revisions"}],"wp:featuredmedia":[{"embeddable":true,"href":"https:\/\/www.europesays.com\/ee\/wp-json\/wp\/v2\/media\/202237"}],"wp:attachment":[{"href":"https:\/\/www.europesays.com\/ee\/wp-json\/wp\/v2\/media?parent=202236"}],"wp:term":[{"taxonomy":"category","embeddable":true,"href":"https:\/\/www.europesays.com\/ee\/wp-json\/wp\/v2\/categories?post=202236"},{"taxonomy":"post_tag","embeddable":true,"href":"https:\/\/www.europesays.com\/ee\/wp-json\/wp\/v2\/tags?post=202236"}],"curies":[{"name":"wp","href":"https:\/\/api.w.org\/{rel}","templated":true}]}}