{"id":202344,"date":"2026-06-13T00:34:13","date_gmt":"2026-06-13T00:34:13","guid":{"rendered":"https:\/\/www.europesays.com\/ee\/202344\/"},"modified":"2026-06-13T00:34:13","modified_gmt":"2026-06-13T00:34:13","slug":"premium-liiga-numbrinope-kuidas-mojutab-mm-meie-liiga-kulastatavust-soccernet-ee","status":"publish","type":"post","link":"https:\/\/www.europesays.com\/ee\/202344\/","title":{"rendered":"Premium liiga numbrinope | Kuidas m\u00f5jutab MM meie liiga k\u00fclastatavust? &#8211; Soccernet.ee"},"content":{"rendered":"<p><a href=\"https:\/\/soccernet.ee\/fotod\/pl-tallinna-fc-flora-tallinna-fci-levadia10\" rel=\"nofollow noopener\" target=\"_blank\"><img decoding=\"async\" src=\"https:\/\/www.europesays.com\/ee\/wp-content\/uploads\/2026\/06\/1747580742.jpg\" alt=\"Foto: Katariina Peetson \/ jalgpall.ee\"\/><\/a>&#13;\n<\/p>\n<p>Laienenud MM matab enda alla tervelt kuuendiku Eesti k\u00f5rgliiga hooajast, nii et k\u00fcsimus suurturniiri m\u00f5just koduliiga k\u00fclastavatusele on aktuaalsem kui kunagi varem.<\/p>\n<p>Uurime MM- ja EM-finaalturniiride m\u00f5ju Premium liiga k\u00fclastatavusele alates 2010. aasta MM-ist, sest sealt alates on jalgpalliliidu kodulehel olemas liigam\u00e4ngude publikunumbrite andmed. Esimese asjana paistab silma, et finaalturniiride ajal peetavate liigam\u00e4ngude hulk on t\u00f5usmas:&#13;\n<\/p>\n<p>&#13;\n<\/p>\n<p>MM-ide ja EM-ide ajal m\u00e4ngitakse rohkem mitte ainult turniiride pikenemise, vaid ka jalgpalliliidu l\u00e4henemise muutumise t\u00f5ttu \u2013 n\u00e4iteks veel 2018. aastal pandi Eesti k\u00f5rgliiga MM-i t\u00f5ttu keset suve kuuks ajaks pausile. Ei m\u00e4ngitud ka 2022. aasta MM-i ajal, aga siis toimus suurturniir talvel ning Premium liiga oli selleks ajaks juba l\u00f5petanud.<\/p>\n<p>J\u00e4tame k\u00f5rvale suurturniirid, mille ajal Eestis ei m\u00e4ngitud, ja vaatame liigam\u00e4ngude k\u00fclastusnumbreid suurturniiride ajal peetud kohtumistes. Nagu n\u00e4eme, oli koduliiga k\u00fclastatavus varasemate turniiride ajal t\u00f5esti v\u00e4ga madal, kuid 2020ndatel aastatel on see j\u00e4rsult kasvanud:&#13;\n<\/p>\n<p>&#13;\n<\/p>\n<p>Arvestada tuleb veel ka sellega, et Premium liiga k\u00fclastatavus on \u00fcle\u00fcldse liikunud t\u00f5usutrendis. Sestap v\u00f5rdleme l\u00f5petuseks MM-ide ja EM-ide ajal peetud liigam\u00e4ngude k\u00fclastatavust teiste samadel aastatel peetud liigam\u00e4ngude k\u00fclastatavusega:&#13;\n<\/p>\n<p>&#13;\n<\/p>\n<p>Siin tuleb t\u00e4hele panna, et 2020. aasta EM-i n\u00e4itaja on anomaalne, sest need m\u00e4ngud toimusid koroonaviirusest m\u00f5jutatud aastal: suvisel suurturniiri perioodil olid avalike \u00fcrituste piirangud minimaalsed, aga \u00fclej\u00e4\u00e4nud Premium liiga hooaja k\u00fclastatavus oli tugevalt p\u00e4rsitud.<\/p>\n<p>Samas n\u00e4eme, et ka 2016. ja 2024. aasta EM-i ajal oli Premium liiga k\u00fclastatavus k\u00f5rgem kui \u00fclej\u00e4\u00e4nud sama hooaja liigam\u00e4ngudes. Hoiatava n\u00e4itena p\u00e4rineb aga vaadeldava perioodi halvim n\u00e4itaja 2014. aastast, mis on \u00fchtlasi l\u00e4himinevikust ainus kord, mil suurturniir (Brasiilias) toimus meist nii kauges ajatsoonis nagu t\u00e4navunegi.&#13;\n<\/p>\n<p>Kuidas suurturniir siis Premium liiga publikut m\u00f5jutab? Kui j\u00e4tame k\u00f5rvale ka 2020. aasta EM-i andmed, siis viie vaatluse alla j\u00e4\u00e4va turniiri jooksul peeti kokku 91 Premium liiga m\u00e4ngu, mida j\u00e4lgis keskmiselt 9 inimest v\u00e4hem kui samadel hooaegadel peetud 809 \u00fclej\u00e4\u00e4nud kohtumises. Vahe on niisiis olnud vaevum\u00e4rgatav: -3%.&#13;\n<\/p>\n<p>T\u00f5si, sellele lisandub veel aastaaja faktor, sest suurturniiride ajal on Eestis parimad ilmaolud jalgpalli vaatamiseks, samas kui \u00fclej\u00e4\u00e4nud m\u00e4ngude hulka kuuluvad ka varakevadised ja hiliss\u00fcgisesed voorud.&#13;\n<\/p>\n<p>Premium liiga 15. vooru m\u00e4ngud:<\/p>\n<p>13. juuni kell 12.30\u00a0Harju &#8211;\u00a0Kuressaare (Laagri Arena)<br \/>&#13;<br \/>\n13. juuni\u00a0kell 14.30 Trans &#8211; United\u00a0(Narva Kalev-Fama staadion)<br \/>&#13;<br \/>\n13. juuni\u00a0kell 17.00\u00a0Tammeka &#8211; Vaprus\u00a0(Tartu Tamme staadion)<br \/>&#13;<br \/>\n13. juuni\u00a0kell 19.00 Flora &#8211; Levadia (A. Le Coq Arena)<br \/>&#13;<br \/>\n14. juuni\u00a0kell 14.30\u00a0Kalju &#8211;\u00a0Paide\u00a0(Hiiu staadion)\n                      <\/p>\n","protected":false},"excerpt":{"rendered":"&#13; Laienenud MM matab enda alla tervelt kuuendiku Eesti k\u00f5rgliiga hooajast, nii et k\u00fcsimus suurturniiri m\u00f5just koduliiga k\u00fclastavatusele&hellip;\n","protected":false},"author":2,"featured_media":202345,"comment_status":"","ping_status":"","sticky":false,"template":"","format":"standard","meta":{"footnotes":"","_share_on_mastodon":"0"},"categories":[18],"tags":[37,33,35,2312,34,36,83860,1714,166,12376,167,12377,83861,159,158,169,78432],"class_list":["post-202344","post","type-post","status-publish","format-standard","has-post-thumbnail","category-sport","tag-ee","tag-eesti","tag-eesti-keel","tag-em","tag-estonia","tag-estonian","tag-kulastatavus","tag-mm","tag-numbrinope","tag-pealtvaatajad","tag-premium-liiga","tag-publik","tag-publikunumbrid","tag-sport","tag-sports","tag-statistika","tag-suurturniirid"],"share_on_mastodon":{"url":"https:\/\/pubeurope.com\/@ee\/116739995710586989","error":""},"_links":{"self":[{"href":"https:\/\/www.europesays.com\/ee\/wp-json\/wp\/v2\/posts\/202344","targetHints":{"allow":["GET"]}}],"collection":[{"href":"https:\/\/www.europesays.com\/ee\/wp-json\/wp\/v2\/posts"}],"about":[{"href":"https:\/\/www.europesays.com\/ee\/wp-json\/wp\/v2\/types\/post"}],"author":[{"embeddable":true,"href":"https:\/\/www.europesays.com\/ee\/wp-json\/wp\/v2\/users\/2"}],"replies":[{"embeddable":true,"href":"https:\/\/www.europesays.com\/ee\/wp-json\/wp\/v2\/comments?post=202344"}],"version-history":[{"count":0,"href":"https:\/\/www.europesays.com\/ee\/wp-json\/wp\/v2\/posts\/202344\/revisions"}],"wp:featuredmedia":[{"embeddable":true,"href":"https:\/\/www.europesays.com\/ee\/wp-json\/wp\/v2\/media\/202345"}],"wp:attachment":[{"href":"https:\/\/www.europesays.com\/ee\/wp-json\/wp\/v2\/media?parent=202344"}],"wp:term":[{"taxonomy":"category","embeddable":true,"href":"https:\/\/www.europesays.com\/ee\/wp-json\/wp\/v2\/categories?post=202344"},{"taxonomy":"post_tag","embeddable":true,"href":"https:\/\/www.europesays.com\/ee\/wp-json\/wp\/v2\/tags?post=202344"}],"curies":[{"name":"wp","href":"https:\/\/api.w.org\/{rel}","templated":true}]}}