{"id":202558,"date":"2026-06-13T08:44:13","date_gmt":"2026-06-13T08:44:13","guid":{"rendered":"https:\/\/www.europesays.com\/ee\/202558\/"},"modified":"2026-06-13T08:44:13","modified_gmt":"2026-06-13T08:44:13","slug":"inglismaa-jalgpallikoondis-langes-mm-il-varguse-ohvriks-kaks-inimest-voeti-vahi-alla","status":"publish","type":"post","link":"https:\/\/www.europesays.com\/ee\/202558\/","title":{"rendered":"Inglismaa jalgpallikoondis langes MM-il varguse ohvriks, kaks inimest v\u00f5eti vahi alla"},"content":{"rendered":"<p>Inglismaal j\u00e4i Floridas selja taha MM-i eelne laager ning laup\u00e4eval reisib koondis Kansas Citys asuvasse Swope Soccer Village\u2019isse, kus nende baas suurturniiri ajal asub. Kui meeskond peaks Kansas Citysse saabuma kohaliku aja j\u00e4rgi laup\u00e4eva p\u00e4rastl\u00f5unal, siis nende varustus pidi kohale j\u00f5udma varem.<\/p>\n<p>Mitme v\u00e4ljaande teatel r\u00f6\u00f6viti tee peal autosid, mis vedasid just inglaste varustust. BBC andmetel p\u00fc\u00fcab Inglismaa jalgpalliliit veel saada \u00fclevaadet k\u00f5ikidest kaotatud asjadest, ent senise informatsiooni p\u00f5hjal j\u00e4\u00e4di r\u00f6\u00f6vi k\u00e4igus ilma nii putsadest kui pallidest. <\/p>\n<p>Kohalik politsei on arreteerinud kaks inimest, keda kahtlustatakse kuriteoga seotud olemises. Kansase politsei esindaja s\u00f5nas meediale, et uurimine juhtunu osas on hetkel k\u00e4imas.<\/p>\n<p>Inglismaa jaoks algab MM 17. juunil, kui vastamisi minnakse Horvaatiaga. L-alagruppi kuuluvad ka Ghana ja Panama.<\/p>\n<p>Kuidas see lugu Sind end tundma pani? Saada <a href=\"https:\/\/sport.delfi.ee\/artikkel\/120590632\/inglismaa-jalgpallikoondis-langes-mm-il-varguse-ohvriks-kaks-inimest-voeti-vahi-alla\/kommentaarid\" class=\"article-body-bottom__comment article-body-bottom__comment--write button button--primary button--size-auto\" rel=\"nofollow noopener\" target=\"_blank\"> Kommenteeri <\/a><a href=\"https:\/\/sport.delfi.ee\/artikkel\/120590632\/inglismaa-jalgpallikoondis-langes-mm-il-varguse-ohvriks-kaks-inimest-voeti-vahi-alla\/kommentaarid\" class=\"article-body-bottom__comment article-body-bottom__comment--read button button--size-auto\" rel=\"nofollow noopener\" target=\"_blank\"> Loe kommentaare (2)<\/a><\/p>\n","protected":false},"excerpt":{"rendered":"Inglismaal j\u00e4i Floridas selja taha MM-i eelne laager ning laup\u00e4eval reisib koondis Kansas Citys asuvasse Swope Soccer Village\u2019isse,&hellip;\n","protected":false},"author":2,"featured_media":202559,"comment_status":"","ping_status":"","sticky":false,"template":"","format":"standard","meta":{"footnotes":"","_share_on_mastodon":"0"},"categories":[5],"tags":[26,27,37,33,35,34,36,31,32,21,7517,7036,28,29,19,25,23,24,22,20,4953,30],"class_list":["post-202558","post","type-post","status-publish","format-standard","has-post-thumbnail","category-uldised-uudised","tag-breaking-news","tag-breakingnews","tag-ee","tag-eesti","tag-eesti-keel","tag-estonia","tag-estonian","tag-featured-news","tag-featurednews","tag-headlines","tag-inglismaa-jalgpallikoondis","tag-jalgpalli-mm","tag-latest-news","tag-latestnews","tag-news","tag-populaarseimad-lood","tag-top-stories","tag-topstories","tag-uldised-uudised","tag-uudised","tag-vargus","tag-viimased-uudised"],"share_on_mastodon":{"url":"https:\/\/pubeurope.com\/@ee\/116741922105755861","error":""},"_links":{"self":[{"href":"https:\/\/www.europesays.com\/ee\/wp-json\/wp\/v2\/posts\/202558","targetHints":{"allow":["GET"]}}],"collection":[{"href":"https:\/\/www.europesays.com\/ee\/wp-json\/wp\/v2\/posts"}],"about":[{"href":"https:\/\/www.europesays.com\/ee\/wp-json\/wp\/v2\/types\/post"}],"author":[{"embeddable":true,"href":"https:\/\/www.europesays.com\/ee\/wp-json\/wp\/v2\/users\/2"}],"replies":[{"embeddable":true,"href":"https:\/\/www.europesays.com\/ee\/wp-json\/wp\/v2\/comments?post=202558"}],"version-history":[{"count":0,"href":"https:\/\/www.europesays.com\/ee\/wp-json\/wp\/v2\/posts\/202558\/revisions"}],"wp:featuredmedia":[{"embeddable":true,"href":"https:\/\/www.europesays.com\/ee\/wp-json\/wp\/v2\/media\/202559"}],"wp:attachment":[{"href":"https:\/\/www.europesays.com\/ee\/wp-json\/wp\/v2\/media?parent=202558"}],"wp:term":[{"taxonomy":"category","embeddable":true,"href":"https:\/\/www.europesays.com\/ee\/wp-json\/wp\/v2\/categories?post=202558"},{"taxonomy":"post_tag","embeddable":true,"href":"https:\/\/www.europesays.com\/ee\/wp-json\/wp\/v2\/tags?post=202558"}],"curies":[{"name":"wp","href":"https:\/\/api.w.org\/{rel}","templated":true}]}}