{"id":202621,"date":"2026-06-13T10:22:12","date_gmt":"2026-06-13T10:22:12","guid":{"rendered":"https:\/\/www.europesays.com\/ee\/202621\/"},"modified":"2026-06-13T10:22:12","modified_gmt":"2026-06-13T10:22:12","slug":"koler-prize-2026-laks-jagamisele-laureaadid-on-anna-mari-liivrand-ja-hanna-samoson","status":"publish","type":"post","link":"https:\/\/www.europesays.com\/ee\/202621\/","title":{"rendered":"K\u00f6ler Prize 2026 l\u00e4ks jagamisele. Laureaadid on Anna Mari Liivrand ja Hanna Samoson"},"content":{"rendered":"<p>\u017d\u00fcrii otsustas \u00fcheh\u00e4\u00e4lselt 2026. aasta K\u00f6ler Prize auhinna anda kahele kunstnikule. \u017d\u00fcrii s\u00f5nul peegeldas otsus veendumust, et t\u00e4navuse nominentide n\u00e4ituse k\u00f5ige veenvam seisukoht ei olnud mitte \u00fcksik kunstiline vaatepunkt, vaid kahe m\u00e4rkimisv\u00e4\u00e4rselt erineva l\u00e4henemisviisi vaheline viljakas pingev\u00e4li. \u201eK\u00f5ik t\u00e4navused nominendid t\u00f5estavad kohaliku kunstiv\u00e4lja k\u00f5rget taset,\u201c tunnustas \u017e\u00fcrii pressiteate vahendusel.<\/p>\n<p>Anna Mari Liivrand on kunstnik, kes tegeleb ruumiinstallatsioonide, skulptuuri, vitraa\u017ei ja joonistamisega, kombineerides omavahel sageli v\u00e4ga erinevaid materjale ja kujundiloome tehnikaid. Tema kunst on n\u00e4ituse kontekstis enamasti ruumiliselt kogetav, ent samal ajal on kompositsioonide keskmes tihtipeale joonistus v\u00f5i muu kahem\u00f5\u00f5tmeline kujund, mis l\u00e4hendab tema loomingu m\u00f5ju m\u00f5neti \u00fcllatuslikult traditsioonilisele graafikale.<\/p>\n<p>Hanna Samoson on kunstnik, kelle loominguline diapasoon ulatub fotograafiast, videost ja installatsioonidest kuni joonistuste, ajutiste skulptuuride ja tegevuskunstini. Tema sageli lavastuslikud teosed paistavad silma teravdatud absurdihuumori ja poeetilis-s\u00fcrreaalse toimega, ent on samas m\u00e4rkimisv\u00e4\u00e4rselt siirad, ausad ja kohati ehmatavalt isiklikud. <\/p>\n<p>\u201eM\u00f5lema laureaadi looming v\u00e4ljendab vastanduvaid viise, kuidas maailmaga suhestuda: \u00fcks l\u00e4bi sensoorse ja emotsionaalse kogemuse, teine l\u00e4bi anal\u00fc\u00fctilise ja arhitektuurse pilgu,\u201c p\u00f5hjendas \u017e\u00fcrii. \u201eHanna Samosoni loomingu intuitiivne skulptuuraalne keel ning j\u00e4rjepidevalt nomaadlik l\u00e4henemisviis loob keskkondi, kus haavatavus ja tundlikkus muutuvad ka vaatajale f\u00fc\u00fcsiliselt tajutavaks. Anna Mari Liivrandi teose juures hindas \u017e\u00fcrii tema loomingu selgust ja j\u00e4rjepidevust ning oskust p\u00f5imida ohtlikku teravust intiimse iluga.\u201c<\/p>\n<p>K\u00f6ler Prize\u2019i peapreemia saaja valis \u017e\u00fcrii kooseisus: kreeka kuraator ja kunstiteadlane Panos Giannikopoulos, Ruperti kunstiresidentuuri ja publikuprogrammide kuraator Monika Lip\u0161ic, kuraator ja PUBLICSi kunstiline juht Paul O\u2019Neill, Kunstverien Hannoveri juht Christoph Platz-Gallus ning eelmise, 2018. aasta K\u00f6ler Prize peapreemia laureaadid Tanja Muravskaja ja Anna \u0160kodenko.<\/p>\n<p><img decoding=\"async\" src=\"https:\/\/www.europesays.com\/ee\/wp-content\/uploads\/2026\/06\/35a94f76-2621-4b9e-8c40-05b6e78235a0.jpg\" loading=\"lazy\" alt=\"K\u00f6ler Prize 2026 publikupreemia v\u00f5itja Keiu Maasik\"\/><\/p>\n<p>K\u00f6ler Prize n\u00e4ituse publikupreemia p\u00e4lvis Keiu Maasik. <\/p>\n<p>Maasik on foto-, video- ja installatsioonikunstnik, kes tegeleb v\u00e4givalla suhtes apaatseks muutumise, adrenaliinijanu ja sooliste stereot\u00fc\u00fcpide v\u00e4ljatoomisega esmaisikulistes tulistamism\u00e4ngudes. Kunstnikuna huvitab teda videom\u00e4ngude uurimine ehk v\u00f5rgustunud virtuaalse ja teiselt poolt tegeliku maailma vaheline (sageli konfliktne) suhe. Samuti on olnud tema loomingu keskmes dokumenteerimise m\u00f5ju inimese m\u00e4lule, identiteedile ja inimestevahelistele suhetele.<\/p>\n<p>Peapreemia suurus on 15 000 eurot ning publikupreemia 5000 eurot. K\u00f5igi nominentide \u2013 Anna Mari Liivrand, Darja Popolitova, Hanna Samoson, Keiu Maasik ja Taavi Suisalu \u2013 t\u00f6\u00f6dega n\u00e4itus j\u00e4\u00e4b avatuks 5. juulini. <\/p>\n<p>Kuidas see lugu Sind end tundma pani? Saada <a href=\"https:\/\/kultuur.delfi.ee\/artikkel\/120590662\/koler-prize-2026-laks-jagamisele-laureaadid-on-anna-mari-liivrand-ja-hanna-samoson\/kommentaarid\" class=\"article-body-bottom__comment article-body-bottom__comment--write button button--primary button--size-auto\" rel=\"nofollow noopener\" target=\"_blank\"> Kommenteeri <\/a><a href=\"https:\/\/kultuur.delfi.ee\/artikkel\/120590662\/koler-prize-2026-laks-jagamisele-laureaadid-on-anna-mari-liivrand-ja-hanna-samoson\/kommentaarid\" class=\"article-body-bottom__comment article-body-bottom__comment--read button button--size-auto\" rel=\"nofollow noopener\" target=\"_blank\"> Loe kommentaare <\/a><\/p>\n","protected":false},"excerpt":{"rendered":"\u017d\u00fcrii otsustas \u00fcheh\u00e4\u00e4lselt 2026. aasta K\u00f6ler Prize auhinna anda kahele kunstnikule. \u017d\u00fcrii s\u00f5nul peegeldas otsus veendumust, et t\u00e4navuse&hellip;\n","protected":false},"author":2,"featured_media":202622,"comment_status":"","ping_status":"","sticky":false,"template":"","format":"standard","meta":{"footnotes":"","_share_on_mastodon":"0"},"categories":[12],"tags":[26,27,37,33,35,34,36,31,32,21,21510,23003,28,29,19,25,23,24,22,20,30],"class_list":["post-202621","post","type-post","status-publish","format-standard","has-post-thumbnail","category-eesti","tag-breaking-news","tag-breakingnews","tag-ee","tag-eesti","tag-eesti-keel","tag-estonia","tag-estonian","tag-featured-news","tag-featurednews","tag-headlines","tag-kaasaegne-kunst","tag-koler-prize","tag-latest-news","tag-latestnews","tag-news","tag-populaarseimad-lood","tag-top-stories","tag-topstories","tag-uldised-uudised","tag-uudised","tag-viimased-uudised"],"share_on_mastodon":{"url":"https:\/\/pubeurope.com\/@ee\/116742307808004772","error":""},"_links":{"self":[{"href":"https:\/\/www.europesays.com\/ee\/wp-json\/wp\/v2\/posts\/202621","targetHints":{"allow":["GET"]}}],"collection":[{"href":"https:\/\/www.europesays.com\/ee\/wp-json\/wp\/v2\/posts"}],"about":[{"href":"https:\/\/www.europesays.com\/ee\/wp-json\/wp\/v2\/types\/post"}],"author":[{"embeddable":true,"href":"https:\/\/www.europesays.com\/ee\/wp-json\/wp\/v2\/users\/2"}],"replies":[{"embeddable":true,"href":"https:\/\/www.europesays.com\/ee\/wp-json\/wp\/v2\/comments?post=202621"}],"version-history":[{"count":0,"href":"https:\/\/www.europesays.com\/ee\/wp-json\/wp\/v2\/posts\/202621\/revisions"}],"wp:featuredmedia":[{"embeddable":true,"href":"https:\/\/www.europesays.com\/ee\/wp-json\/wp\/v2\/media\/202622"}],"wp:attachment":[{"href":"https:\/\/www.europesays.com\/ee\/wp-json\/wp\/v2\/media?parent=202621"}],"wp:term":[{"taxonomy":"category","embeddable":true,"href":"https:\/\/www.europesays.com\/ee\/wp-json\/wp\/v2\/categories?post=202621"},{"taxonomy":"post_tag","embeddable":true,"href":"https:\/\/www.europesays.com\/ee\/wp-json\/wp\/v2\/tags?post=202621"}],"curies":[{"name":"wp","href":"https:\/\/api.w.org\/{rel}","templated":true}]}}