{"id":202645,"date":"2026-06-13T11:03:09","date_gmt":"2026-06-13T11:03:09","guid":{"rendered":"https:\/\/www.europesays.com\/ee\/202645\/"},"modified":"2026-06-13T11:03:09","modified_gmt":"2026-06-13T11:03:09","slug":"eesti-meeste-ragbikoondis-on-kosovos-medalijahil-naiskond-sai-ajaloolise-voidu","status":"publish","type":"post","link":"https:\/\/www.europesays.com\/ee\/202645\/","title":{"rendered":"Eesti meeste ragbikoondis on Kosovos medalijahil, naiskond sai ajaloolise v\u00f5idu"},"content":{"rendered":"<p>Kahep\u00e4evasel turniiril v\u00f5istleb kaheksa riiki kahes alagrupis, milles turniiri v\u00f5itja t\u00f5useb j\u00e4rgmiseks hooajaks Conference\u2019i 1. divisjoni. Eesti m\u00e4ngib B-alagrupis Kreeka, Slovakkia ja v\u00f5\u00f5rustaja Kosovo vastu.<\/p>\n<p>Eelmise aasta turniiril j\u00e4i Eesti napilt neljandaks, vaid 5-punktiline skooride vahe t\u00f5ukas meeskonna medalikohtadelt. Sel aastal s\u00f5idab koondis Kosovosse selge eesm\u00e4rgiga see viga parandada.<\/p>\n<p>Kreeka osaleb Conference 2. turniiril esimest korda. Tegemist on suuresti tundmatu vastasega, kuid Kreeka <a rel=\"noopener nofollow\" target=\"_blank\" href=\"https:\/\/www.delfi.ee\/teema\/56815958\/ragbi\" tag-id=\"56815958\">ragbi<\/a> on viimastel aastatel kiiresti arenenud.<\/p>\n<p>Kosovo on Eestile tuttav vastane ja kodupubliku ees m\u00e4ngivad nad alati innukamalt. Siiski on Eesti domineerinud omavahelistes kohtumistes, kui 46\u20130 v\u00f5it tuli Eestile nii 2024. kui ka 2025. aasta turniiril.<\/p>\n<p>Slovakkia on grupis Eesti jaoks suurim v\u00e4ljakutse. 2024. aasta poolfinaalis v\u00f5itis Slovakkia Eestit 10\u20130 ning eelmise aasta alagrupim\u00e4ngus v\u00f5itis Slovakkia 36\u201314. <\/p>\n<p>\u201eEelmisel aastal olime medalile v\u00e4ga l\u00e4hedal ja see j\u00e4ttis meestele m\u00f5ruda maitse suhu,\u201c s\u00f5nas peatreener Graham Smith pressiteate vahendusel. \u201eMe teame, et see tase on meie jaoks j\u00f5ukohane. Oleme sel hooajal h\u00e4sti valmistunud ja iga mees siin koondises teab, mida temalt oodatakse ehk t\u00e4ielikku p\u00fchendumist igal sekundil. Me ei s\u00f5ida Kosovosse osalema, me s\u00f5idame v\u00f5istlema.\u201c<\/p>\n<p>Eesti naiskond sai ajaloolise v\u00f5idu<\/p>\n<p>Eesti naiste ol\u00fcmpiaragbikoondis v\u00f5itis reedel Andorras Rugby Europe 7s Conference turniiril oma ajaloo esimese m\u00e4ngu, alistades Kreeka 21\u201312. See oli Eesti naiste ol\u00fcmpiaragbikoondise esimene v\u00f5it rahvusvahelisel turniiril.<\/p>\n<p>P\u00e4ev algas tugeva vastasega, sest Malta on Conference tasemel kogenud v\u00f5istkond ja m\u00e4ng oli tihe. Eesti n\u00e4itas head vastupanu ja m\u00e4ng oli pikalt konkurentsitihe. Malta j\u00e4i siiski peale skooriga 33-5.<\/p>\n<p>Teine m\u00e4ng Slovakkia vastu oli teistsugune lugu. Slovakkia, kes v\u00f5itis k\u00f5ik kolm alagrupim\u00e4ngu, domineeris kohtumist algusest peale ega andnud Eestile v\u00f5imalust oma m\u00e4ngu kehtestada. Slovakkia v\u00f5idunumbrid olid 41-0.<\/p>\n<p>Kolmandas m\u00e4ngus v\u00f5ttis naiskond ajaloolise v\u00f5idu, kui Eesti asus Kreeka vastu m\u00e4ngima vabalt ja enesekindlalt ning v\u00f5itis l\u00f5puks 21\u201312.<\/p>\n<p>Destiny Moses skooris kaks try\u2019i ja l\u00f5i jalaga lisapunktid k\u00f5ikidel kolm Eesti try\u2019le &#8211;  isiklikult lisades kokku 16 punkti. Kadri Masso lisas kolmanda try&#8217;\u2019i. Kokku n\u00e4itas v\u00f5istkond p\u00e4eva jooksul m\u00e4rkimisv\u00e4\u00e4rset arengut, muutudes m\u00e4ngust m\u00e4ngusse tugevamaks.<\/p>\n<p>B-grupis kolmanda koha saanud Eesti naiskond l\u00e4heb laup\u00e4eval veerandfinaalis vastamisi L\u00e4tiga.<\/p>\n<p>Kuidas see lugu Sind end tundma pani? Saada <a href=\"https:\/\/sport.delfi.ee\/artikkel\/120590671\/eesti-meeste-ragbikoondis-on-kosovos-medalijahil-naiskond-sai-ajaloolise-voidu\/kommentaarid\" class=\"article-body-bottom__comment article-body-bottom__comment--write button button--primary button--size-auto\" rel=\"nofollow noopener\" target=\"_blank\"> Kommenteeri <\/a><a href=\"https:\/\/sport.delfi.ee\/artikkel\/120590671\/eesti-meeste-ragbikoondis-on-kosovos-medalijahil-naiskond-sai-ajaloolise-voidu\/kommentaarid\" class=\"article-body-bottom__comment article-body-bottom__comment--read button button--size-auto\" rel=\"nofollow noopener\" target=\"_blank\"> Loe kommentaare <\/a><\/p>\n","protected":false},"excerpt":{"rendered":"Kahep\u00e4evasel turniiril v\u00f5istleb kaheksa riiki kahes alagrupis, milles turniiri v\u00f5itja t\u00f5useb j\u00e4rgmiseks hooajaks Conference\u2019i 1. divisjoni. Eesti m\u00e4ngib&hellip;\n","protected":false},"author":2,"featured_media":202646,"comment_status":"","ping_status":"","sticky":false,"template":"","format":"standard","meta":{"footnotes":"","_share_on_mastodon":"0"},"categories":[18],"tags":[37,33,35,72105,34,36,48975,159,158],"class_list":["post-202645","post","type-post","status-publish","format-standard","has-post-thumbnail","category-sport","tag-ee","tag-eesti","tag-eesti-keel","tag-eesti-ragbikoondis","tag-estonia","tag-estonian","tag-ragbi","tag-sport","tag-sports"],"share_on_mastodon":{"url":"https:\/\/pubeurope.com\/@ee\/116742468777545269","error":""},"_links":{"self":[{"href":"https:\/\/www.europesays.com\/ee\/wp-json\/wp\/v2\/posts\/202645","targetHints":{"allow":["GET"]}}],"collection":[{"href":"https:\/\/www.europesays.com\/ee\/wp-json\/wp\/v2\/posts"}],"about":[{"href":"https:\/\/www.europesays.com\/ee\/wp-json\/wp\/v2\/types\/post"}],"author":[{"embeddable":true,"href":"https:\/\/www.europesays.com\/ee\/wp-json\/wp\/v2\/users\/2"}],"replies":[{"embeddable":true,"href":"https:\/\/www.europesays.com\/ee\/wp-json\/wp\/v2\/comments?post=202645"}],"version-history":[{"count":0,"href":"https:\/\/www.europesays.com\/ee\/wp-json\/wp\/v2\/posts\/202645\/revisions"}],"wp:featuredmedia":[{"embeddable":true,"href":"https:\/\/www.europesays.com\/ee\/wp-json\/wp\/v2\/media\/202646"}],"wp:attachment":[{"href":"https:\/\/www.europesays.com\/ee\/wp-json\/wp\/v2\/media?parent=202645"}],"wp:term":[{"taxonomy":"category","embeddable":true,"href":"https:\/\/www.europesays.com\/ee\/wp-json\/wp\/v2\/categories?post=202645"},{"taxonomy":"post_tag","embeddable":true,"href":"https:\/\/www.europesays.com\/ee\/wp-json\/wp\/v2\/tags?post=202645"}],"curies":[{"name":"wp","href":"https:\/\/api.w.org\/{rel}","templated":true}]}}