{"id":202673,"date":"2026-06-13T11:47:11","date_gmt":"2026-06-13T11:47:11","guid":{"rendered":"https:\/\/www.europesays.com\/ee\/202673\/"},"modified":"2026-06-13T11:47:11","modified_gmt":"2026-06-13T11:47:11","slug":"f1-ekspert-%e2%9f%a9-kuidas-paul-aron-upris-rapase-ringiga-pool-louna-ameerikat-narvi-ajas","status":"publish","type":"post","link":"https:\/\/www.europesays.com\/ee\/202673\/","title":{"rendered":"F1 EKSPERT \u27e9 Kuidas Paul Aron \u00fcpris r\u00e4pase ringiga pool L\u00f5una-Ameerikat n\u00e4rvi ajas"},"content":{"rendered":"<p class=\"MsoNormal\">\u00abTa on kiire s\u00f5itja. Ta polnud seda autot kunagi varem ringrajal proovinud. Kohe kiire avaringist alates, esimesest vahetusest alates,\u00bb v\u00f5ttis endine Ferrari ja t\u00e4nane Audi F1-tiimi juht Mattia Binotto <a target=\"_blank\" rel=\"noopener noreferrer nofollow\" href=\"https:\/\/www.the-race.com\/formula-1\/winner-and-losers-from-barcelona-gp-f1-practice\/\">The Race\u2019i vahendusel<\/a> kokku Paul Aroni 24 ringi. \u00abNii et v\u00e4ga teenitud tema poolt. Olen rahul, et kuidagi suutis ta n\u00e4idata, milleks ta v\u00f5imeline on, sest ta on suurep\u00e4rane s\u00f5itja.\u00bb<\/p>\n","protected":false},"excerpt":{"rendered":"\u00abTa on kiire s\u00f5itja. Ta polnud seda autot kunagi varem ringrajal proovinud. Kohe kiire avaringist alates, esimesest vahetusest&hellip;\n","protected":false},"author":2,"featured_media":202674,"comment_status":"","ping_status":"","sticky":false,"template":"","format":"standard","meta":{"footnotes":"","_share_on_mastodon":"0"},"categories":[18],"tags":[1164,83931,83934,83935,37,33,35,34,36,83936,1165,30405,1956,83932,586,13155,83933,1579,1163,159,158,39469,4487],"class_list":["post-202673","post","type-post","status-publish","format-standard","has-post-thumbnail","category-sport","tag-alpine","tag-audi-f1-team","tag-barcelona-gp","tag-barcelona-ringrada","tag-ee","tag-eesti","tag-eesti-keel","tag-estonia","tag-estonian","tag-f1-vabatreening","tag-franco-colapinto","tag-gabriel-bortoleto","tag-george-russell","tag-mattia-binotto","tag-max-verstappen","tag-nico-hulkenberg","tag-ollie-bearman","tag-oscar-piastri","tag-paul-aron","tag-sport","tag-sports","tag-valtteri-bottas","tag-vormel-1"],"share_on_mastodon":{"url":"https:\/\/pubeurope.com\/@ee\/116742641926171269","error":""},"_links":{"self":[{"href":"https:\/\/www.europesays.com\/ee\/wp-json\/wp\/v2\/posts\/202673","targetHints":{"allow":["GET"]}}],"collection":[{"href":"https:\/\/www.europesays.com\/ee\/wp-json\/wp\/v2\/posts"}],"about":[{"href":"https:\/\/www.europesays.com\/ee\/wp-json\/wp\/v2\/types\/post"}],"author":[{"embeddable":true,"href":"https:\/\/www.europesays.com\/ee\/wp-json\/wp\/v2\/users\/2"}],"replies":[{"embeddable":true,"href":"https:\/\/www.europesays.com\/ee\/wp-json\/wp\/v2\/comments?post=202673"}],"version-history":[{"count":0,"href":"https:\/\/www.europesays.com\/ee\/wp-json\/wp\/v2\/posts\/202673\/revisions"}],"wp:featuredmedia":[{"embeddable":true,"href":"https:\/\/www.europesays.com\/ee\/wp-json\/wp\/v2\/media\/202674"}],"wp:attachment":[{"href":"https:\/\/www.europesays.com\/ee\/wp-json\/wp\/v2\/media?parent=202673"}],"wp:term":[{"taxonomy":"category","embeddable":true,"href":"https:\/\/www.europesays.com\/ee\/wp-json\/wp\/v2\/categories?post=202673"},{"taxonomy":"post_tag","embeddable":true,"href":"https:\/\/www.europesays.com\/ee\/wp-json\/wp\/v2\/tags?post=202673"}],"curies":[{"name":"wp","href":"https:\/\/api.w.org\/{rel}","templated":true}]}}