{"id":202705,"date":"2026-06-13T12:20:10","date_gmt":"2026-06-13T12:20:10","guid":{"rendered":"https:\/\/www.europesays.com\/ee\/202705\/"},"modified":"2026-06-13T12:20:10","modified_gmt":"2026-06-13T12:20:10","slug":"neymar-peab-brasiilia-koondise-mm-i-avamangu-vahele-jatma","status":"publish","type":"post","link":"https:\/\/www.europesays.com\/ee\/202705\/","title":{"rendered":"Neymar peab Brasiilia koondise MM-i avam\u00e4ngu vahele j\u00e4tma"},"content":{"rendered":"<p>34-aastast r\u00fcndem\u00e4ngijat Neymari on viimastel hooaegadel kimbutanud mitmed vigastused. Praegune FC Santose m\u00e4ngija osutus siiski valituks Ancoletti koondisesse, kes reisis P\u00f5hja-Ameerikasse MM-ile.<\/p>\n<p>Viimati 2023. aastal kodumaad esindanud Neymar on viimasel ajal h\u00e4das olnud s\u00e4\u00e4relihase traumaga ning t\u00e4ismahus trenni pole ta saanud Brasiilia koondisega kaasa teha. Nii j\u00e4\u00e4b ta eemale kodumaa avam\u00e4ngust Marokoga. Viiekordne maailmameister m\u00e4ngib C-grupis eelmise MM-i neljanda koondisega Eesti aja j\u00e4rgi \u00f6\u00f6l vastu p\u00fchap\u00e4eva.<\/p>\n<p>\u201eNeymar pingutab k\u00f5vasti, et v\u00f5imalikult kiiresti taastuda,\u201c vahendas BBC kogenud jalgpallitreeneri Ancelotti s\u00f5nu. \u201eOotus on, et ta taasliitub meekonnaga j\u00e4rgmisel n\u00e4dalal. Me ei kutsunud Neymari ainult tema tehniliste oskuste, vaid ka kogemuste ja eeskuju p\u00e4rast, mida ta noorematele m\u00e4ngijatele n\u00e4idata saab.\u201c<\/p>\n<p>Neymar on Brasiilia koondise eest l\u00f6\u00f6nud 128 m\u00e4nguga 79 v\u00e4ravat, millega on \u00fchtlasi riigi ajaloo suurim v\u00e4ravak\u00fctt. K\u00e4esolev MM on endise FC Barcelona ja Pariisi Saint-Germaini m\u00e4ngija jaoks neljas.<\/p>\n<p>Brasiiliat ootavad C-grupis ees veel ka mat\u0161id Haiti (20. juuni) ja \u0160otimaaga (25. juuni).<\/p>\n<p>Kuidas see lugu Sind end tundma pani? Saada <a href=\"https:\/\/sport.delfi.ee\/artikkel\/120590669\/neymar-peab-brasiilia-koondise-mm-i-avamangu-vahele-jatma\/kommentaarid\" class=\"article-body-bottom__comment article-body-bottom__comment--write button button--primary button--size-auto\" rel=\"nofollow noopener\" target=\"_blank\"> Kommenteeri <\/a><a href=\"https:\/\/sport.delfi.ee\/artikkel\/120590669\/neymar-peab-brasiilia-koondise-mm-i-avamangu-vahele-jatma\/kommentaarid\" class=\"article-body-bottom__comment article-body-bottom__comment--read button button--size-auto\" rel=\"nofollow noopener\" target=\"_blank\"> Loe kommentaare <\/a><\/p>\n","protected":false},"excerpt":{"rendered":"34-aastast r\u00fcndem\u00e4ngijat Neymari on viimastel hooaegadel kimbutanud mitmed vigastused. Praegune FC Santose m\u00e4ngija osutus siiski valituks Ancoletti koondisesse,&hellip;\n","protected":false},"author":2,"featured_media":202706,"comment_status":"","ping_status":"","sticky":false,"template":"","format":"standard","meta":{"footnotes":"","_share_on_mastodon":"0"},"categories":[18],"tags":[11470,29564,37,33,35,34,36,7036,29565,159,158],"class_list":["post-202705","post","type-post","status-publish","format-standard","has-post-thumbnail","category-sport","tag-brasiilia-jalgpallikoondis","tag-carlo-ancelotti","tag-ee","tag-eesti","tag-eesti-keel","tag-estonia","tag-estonian","tag-jalgpalli-mm","tag-neymar","tag-sport","tag-sports"],"share_on_mastodon":{"url":"https:\/\/pubeurope.com\/@ee\/116742771612836181","error":""},"_links":{"self":[{"href":"https:\/\/www.europesays.com\/ee\/wp-json\/wp\/v2\/posts\/202705","targetHints":{"allow":["GET"]}}],"collection":[{"href":"https:\/\/www.europesays.com\/ee\/wp-json\/wp\/v2\/posts"}],"about":[{"href":"https:\/\/www.europesays.com\/ee\/wp-json\/wp\/v2\/types\/post"}],"author":[{"embeddable":true,"href":"https:\/\/www.europesays.com\/ee\/wp-json\/wp\/v2\/users\/2"}],"replies":[{"embeddable":true,"href":"https:\/\/www.europesays.com\/ee\/wp-json\/wp\/v2\/comments?post=202705"}],"version-history":[{"count":0,"href":"https:\/\/www.europesays.com\/ee\/wp-json\/wp\/v2\/posts\/202705\/revisions"}],"wp:featuredmedia":[{"embeddable":true,"href":"https:\/\/www.europesays.com\/ee\/wp-json\/wp\/v2\/media\/202706"}],"wp:attachment":[{"href":"https:\/\/www.europesays.com\/ee\/wp-json\/wp\/v2\/media?parent=202705"}],"wp:term":[{"taxonomy":"category","embeddable":true,"href":"https:\/\/www.europesays.com\/ee\/wp-json\/wp\/v2\/categories?post=202705"},{"taxonomy":"post_tag","embeddable":true,"href":"https:\/\/www.europesays.com\/ee\/wp-json\/wp\/v2\/tags?post=202705"}],"curies":[{"name":"wp","href":"https:\/\/api.w.org\/{rel}","templated":true}]}}