{"id":202742,"date":"2026-06-13T13:06:09","date_gmt":"2026-06-13T13:06:09","guid":{"rendered":"https:\/\/www.europesays.com\/ee\/202742\/"},"modified":"2026-06-13T13:06:09","modified_gmt":"2026-06-13T13:06:09","slug":"galerii-tallinna-kaebekoor-esitas-florian-wahli-juhtimisel-uue-hadalaulu-muusika","status":"publish","type":"post","link":"https:\/\/www.europesays.com\/ee\/202742\/","title":{"rendered":"Galerii: Tallinna kaebekoor esitas Florian Wahli juhtimisel uue h\u00e4dalaulu | Muusika"},"content":{"rendered":"<p>13. juunil toimus Balti jaama turu tagumisel v\u00e4ljakul Tallinna kaebekoori avalik \u00fclesastumine, kus kaeblejate ja Florian Wahli \u00fchist\u00f6\u00f6na s\u00fcndis seitsme minuti pikkune lauljate h\u00e4dadel p\u00f5hinev koorilaul. P\u00e4rast avalikku ettekannet saab kaeblejate laulu n\u00e4ha muusikavideona EKKM-i suvisel juubelin\u00e4itusel. <\/p>\n<p>Etendaja Florian Wahl koost\u00f6\u00f6s Eesti Kaasaegse Kunsti Muuseumiga on rahulolematutele tallinlastele korraldanud kooriproove, mille raames lasti vinguviiulid valla ning valmis lauljate h\u00e4dadel p\u00f5hinev koorilaul.<\/p>\n<p>13. juunil toimus Tallinnas, Balti jaama turu tagumisel v\u00e4ljakul h\u00e4dalaulu avalik esmaettekanne. Laulus\u00f5nad on valminud kaeblejate ja Florian Wahli \u00fchist\u00f6\u00f6na, muusika autor on Florian Wahl. Laul k\u00f5las eesti keeles ja kestis umbes seitse minutit.<\/p>\n<p>P\u00e4rast avalikku ettekannet saab Tallinna kaebekoori laulu n\u00e4ha muusikavideona EKKM-i suvisel juubelin\u00e4itusel &#8220;Miks kannad h\u00f5\u00f5ruvad ja teisi k\u00fcsimusi&#8221;.<\/p>\n<p>N\u00e4itus avatakse 23. juulil ning see j\u00e4\u00e4b muuseumi v\u00e4liruumis avatuks \u00f6\u00f6p\u00e4evaringselt kuni 27. septembrini.<\/p>\n<p>&#8220;Kaebekoor&#8221; on 2005. aastal soome-saksa kunstnikeduo Tellervo Kalleineni ja Oliver Kochta-Kalleineni poolt algatatud osaluskunsti projekt, mille raames on kunstnikud loonud koorilaule nii Birminghami, Helsingi, Melbourne&#8217;i, Chicago, Singapuri kui ka paljude teiste linlaste osalusel.<\/p>\n<p>Alates 2006. aastast on tegu vabavara teosega ning erinevad inimesed ja institutsioonid on &#8220;Kaebekoori&#8221; algatanud \u00fcle maailma. Tallinnas toimub &#8220;Kaebekoor&#8221; teist korda, viimati h\u00e4daldati 2015. aastal Tallinna Kunstihoones n\u00e4itusel &#8220;DOings &amp; kNOTs&#8221;.<\/p>\n<p>Kaebekoori lauljad: Agnes Aus, Anita Kodanik, Ebe-Ly Puusepp, Epp Kivistik, Helika Evelyn Moll, Kadi Viik, Kadri J\u00fcrisoo, Kaia Beilmann, Karoliine Pruul, Katrin Markii, Maarja Ann Ormisson, Maari Hindsberg, Madle Saluveer, Mare M\u00fc\u00fcrsepp, Mari-Liis Kupri, Marju Kurg, Marleen Nurm, Markus Kaal, Matilda Tirmaste, Mirjam Keks, Olav Kruus, Reti Meema, Triin Mihkelson. Dirigeeris Florian Wahl.<\/p>\n","protected":false},"excerpt":{"rendered":"13. juunil toimus Balti jaama turu tagumisel v\u00e4ljakul Tallinna kaebekoori avalik \u00fclesastumine, kus kaeblejate ja Florian Wahli \u00fchist\u00f6\u00f6na&hellip;\n","protected":false},"author":2,"featured_media":202743,"comment_status":"","ping_status":"","sticky":false,"template":"","format":"standard","meta":{"footnotes":"","_share_on_mastodon":"0"},"categories":[16],"tags":[37,33,35,20945,173,34,36,21078,61606,140,83940,83939],"class_list":["post-202742","post","type-post","status-publish","format-standard","has-post-thumbnail","category-meelelahutus","tag-ee","tag-eesti","tag-eesti-keel","tag-ekkm","tag-entertainment","tag-estonia","tag-estonian","tag-florian-wahl","tag-kaebekoor","tag-meelelahutus","tag-miks-kannad-hooruvad-ja-teisi-kusimusi","tag-tallinna-kaebekoor"],"share_on_mastodon":{"url":"https:\/\/pubeurope.com\/@ee\/116742952450820145","error":""},"_links":{"self":[{"href":"https:\/\/www.europesays.com\/ee\/wp-json\/wp\/v2\/posts\/202742","targetHints":{"allow":["GET"]}}],"collection":[{"href":"https:\/\/www.europesays.com\/ee\/wp-json\/wp\/v2\/posts"}],"about":[{"href":"https:\/\/www.europesays.com\/ee\/wp-json\/wp\/v2\/types\/post"}],"author":[{"embeddable":true,"href":"https:\/\/www.europesays.com\/ee\/wp-json\/wp\/v2\/users\/2"}],"replies":[{"embeddable":true,"href":"https:\/\/www.europesays.com\/ee\/wp-json\/wp\/v2\/comments?post=202742"}],"version-history":[{"count":0,"href":"https:\/\/www.europesays.com\/ee\/wp-json\/wp\/v2\/posts\/202742\/revisions"}],"wp:featuredmedia":[{"embeddable":true,"href":"https:\/\/www.europesays.com\/ee\/wp-json\/wp\/v2\/media\/202743"}],"wp:attachment":[{"href":"https:\/\/www.europesays.com\/ee\/wp-json\/wp\/v2\/media?parent=202742"}],"wp:term":[{"taxonomy":"category","embeddable":true,"href":"https:\/\/www.europesays.com\/ee\/wp-json\/wp\/v2\/categories?post=202742"},{"taxonomy":"post_tag","embeddable":true,"href":"https:\/\/www.europesays.com\/ee\/wp-json\/wp\/v2\/tags?post=202742"}],"curies":[{"name":"wp","href":"https:\/\/api.w.org\/{rel}","templated":true}]}}