{"id":202855,"date":"2026-06-13T16:15:11","date_gmt":"2026-06-13T16:15:11","guid":{"rendered":"https:\/\/www.europesays.com\/ee\/202855\/"},"modified":"2026-06-13T16:15:11","modified_gmt":"2026-06-13T16:15:11","slug":"russell-voitis-barcelona-gp-kvalifikatsiooni-leclerc-tegi-avarii","status":"publish","type":"post","link":"https:\/\/www.europesays.com\/ee\/202855\/","title":{"rendered":"Russell v\u00f5itis Barcelona GP kvalifikatsiooni, Leclerc tegi avarii"},"content":{"rendered":"<p>Russell edestas oma endist tiimikaaslast <a rel=\"noopener nofollow\" target=\"_blank\" href=\"https:\/\/www.delfi.ee\/teema\/359\/lewis-hamilton\" tag-id=\"359\">Lewis Hamiltoni<\/a> (Ferrari) 0,064 sekundiga. Kolmanda aja kihutas v\u00e4lja teine Mercedese mees, Kimi Antonelli, kes oli Russellist aeglasem juba 0,319 sekundit. <\/p>\n<p>Esikolmikule j\u00e4rgnesid Lando Norris (McLaren, +0,322), Max Verstappen (Red Bull, +0,342), Isack Hadjar (Red Bull, +0,398), Oscar Piastri (McLaren, +0,411), Liam Lawson (Racing Bulls, +1,863) ja Nico H\u00fclkenberg (Audi, +1,978).<\/p>\n<p>Kehvasti k\u00e4is Ferrari s\u00f5itja <a rel=\"noopener nofollow\" target=\"_blank\" href=\"https:\/\/www.delfi.ee\/teema\/80366254\/charles-leclerc\" tag-id=\"80366254\">Charles Leclerci<\/a> k\u00e4si, kes kaotas viimases sessioonis masina \u00fcle kontrolli ja s\u00f5itis neljandas kurvis rajapiiretesse. Kuna Leclerc aega kirja ei saanudki, piirdus ta kvalifikatsioonis alles 10. kohaga. <\/p>\n<p>Kuue etapi j\u00e4rel on MM-sarja kindel liider Antonelli, kellel on viie j\u00e4rjestikuse v\u00f5idu j\u00e4rel 156 punkti. Hamilton on kogunud teisena 90 silma, j\u00e4rgnevad Russell 88 ja Leclerc 75 punktiga.<\/p>\n<p>Kuidas see lugu Sind end tundma pani? Saada <a href=\"https:\/\/sport.delfi.ee\/artikkel\/120590711\/russell-voitis-barcelona-gp-kvalifikatsiooni-leclerc-tegi-avarii\/kommentaarid\" class=\"article-body-bottom__comment article-body-bottom__comment--write button button--primary button--size-auto\" rel=\"nofollow noopener\" target=\"_blank\"> Kommenteeri <\/a><a href=\"https:\/\/sport.delfi.ee\/artikkel\/120590711\/russell-voitis-barcelona-gp-kvalifikatsiooni-leclerc-tegi-avarii\/kommentaarid\" class=\"article-body-bottom__comment article-body-bottom__comment--read button button--size-auto\" rel=\"nofollow noopener\" target=\"_blank\"> Loe kommentaare <\/a><\/p>\n","protected":false},"excerpt":{"rendered":"Russell edestas oma endist tiimikaaslast Lewis Hamiltoni (Ferrari) 0,064 sekundiga. Kolmanda aja kihutas v\u00e4lja teine Mercedese mees, Kimi&hellip;\n","protected":false},"author":2,"featured_media":202856,"comment_status":"","ping_status":"","sticky":false,"template":"","format":"standard","meta":{"footnotes":"","_share_on_mastodon":"0"},"categories":[18],"tags":[4488,37,33,35,34,36,1956,1573,159,158,81062],"class_list":["post-202855","post","type-post","status-publish","format-standard","has-post-thumbnail","category-sport","tag-charles-leclerc","tag-ee","tag-eesti","tag-eesti-keel","tag-estonia","tag-estonian","tag-george-russell","tag-lewis-hamilton","tag-sport","tag-sports","tag-vormel1"],"share_on_mastodon":{"url":"https:\/\/pubeurope.com\/@ee\/116743695590990502","error":""},"_links":{"self":[{"href":"https:\/\/www.europesays.com\/ee\/wp-json\/wp\/v2\/posts\/202855","targetHints":{"allow":["GET"]}}],"collection":[{"href":"https:\/\/www.europesays.com\/ee\/wp-json\/wp\/v2\/posts"}],"about":[{"href":"https:\/\/www.europesays.com\/ee\/wp-json\/wp\/v2\/types\/post"}],"author":[{"embeddable":true,"href":"https:\/\/www.europesays.com\/ee\/wp-json\/wp\/v2\/users\/2"}],"replies":[{"embeddable":true,"href":"https:\/\/www.europesays.com\/ee\/wp-json\/wp\/v2\/comments?post=202855"}],"version-history":[{"count":0,"href":"https:\/\/www.europesays.com\/ee\/wp-json\/wp\/v2\/posts\/202855\/revisions"}],"wp:featuredmedia":[{"embeddable":true,"href":"https:\/\/www.europesays.com\/ee\/wp-json\/wp\/v2\/media\/202856"}],"wp:attachment":[{"href":"https:\/\/www.europesays.com\/ee\/wp-json\/wp\/v2\/media?parent=202855"}],"wp:term":[{"taxonomy":"category","embeddable":true,"href":"https:\/\/www.europesays.com\/ee\/wp-json\/wp\/v2\/categories?post=202855"},{"taxonomy":"post_tag","embeddable":true,"href":"https:\/\/www.europesays.com\/ee\/wp-json\/wp\/v2\/tags?post=202855"}],"curies":[{"name":"wp","href":"https:\/\/api.w.org\/{rel}","templated":true}]}}