{"id":202878,"date":"2026-06-13T16:40:27","date_gmt":"2026-06-13T16:40:27","guid":{"rendered":"https:\/\/www.europesays.com\/ee\/202878\/"},"modified":"2026-06-13T16:40:27","modified_gmt":"2026-06-13T16:40:27","slug":"1944-aastal-eesti-taevast-kaitsnud-luftwaffe-ohuass-lahkus-taevastele-radadele","status":"publish","type":"post","link":"https:\/\/www.europesays.com\/ee\/202878\/","title":{"rendered":"1944. aastal Eesti taevast kaitsnud Luftwaffe \u00f5hu\u00e4ss lahkus taevastele radadele"},"content":{"rendered":"<p>Nimelt t\u00e4histas mees 6. jaanuaril 104. s\u00fcnnip\u00e4eva.<\/p>\n<p><a href=\"http:\/\/maaleht.delfi.ee\/artikkel\/120425468\/eesti-taevast-kuuga-10-punakotkast-alla-tulistanud-saksa-ohuass-sai-104aastaseks#dalrel-in-article\" class=\"content-embedded-articles-single__embedded-article\" data-v-469265ed=\"\" rel=\"nofollow noopener\" target=\"_blank\"><\/p>\n<p> 11.01.2026 <\/p>\n<p> Eesti taevast kuuga 10 punakotkast alla tulistanud Saksa \u00f5hu\u00e4ss sai 104aastaseks  (35) <\/p>\n<p><\/a><\/p>\n<p>Hugo Broch elas Reinimaal Leverkuseni l\u00e4hedal.<\/p>\n<p>Eelviimane elusolnud Saksamaa R\u00fc\u00fctliristi kavaler, Wehrmachti vanemleitnant Heinz Rafoth suri t\u00e4navu 20. veebruaril. Rafoth teenis autasu v\u00e4lja l\u00e4\u00e4nerindel K\u00f6lni v\u00e4ravaid kaitstes ja t\u00f5usis hiljem Bundeswehris teenides oobersti aukraadini. Heinz oli Hugost p\u00e4evapealt aasta noorem.<\/p>\n<p>Kahe viimase elusoleva II maailmas\u00f5ja-aegse Saksamaa k\u00f5rgeima s\u00f5jav\u00e4elise autasu R\u00fc\u00fctliristi kandja lahkumisega on sulgunud \u00fcks ajaloo peat\u00fckke.<\/p>\n<p>Brochi surma j\u00e4rel viimaseks elusolevaks Saksamaa II maailmas\u00f5ja h\u00e4vituslenduriks j\u00e4\u00e4nud Feldwebel Norbert Sch\u00fccking tulistas alates 1944. aasta veebruarist L\u00e4\u00e4nerindel alla \u00fcheksa, teistel andmetel 13 vastase lennukit. S\u00f5ja ajal h\u00e4vituslennukitel Messerschmitt Bf 109 ja Focke-Wulf 190 lennanud piloot s\u00fcndis 15. jaanuaril 1921. a. Austrias ja elab praegu Hamburgi l\u00e4hedal.<\/p>\n<p>Kuidas see lugu Sind end tundma pani? Saada <a href=\"https:\/\/maaleht.delfi.ee\/artikkel\/120590670\/1944-aastal-eesti-taevast-kaitsnud-luftwaffe-ohuass-lahkus-taevastele-radadele\/kommentaarid\" class=\"article-body-bottom__comment article-body-bottom__comment--write button button--primary button--size-auto\" rel=\"nofollow noopener\" target=\"_blank\"> Kommenteeri <\/a><a href=\"https:\/\/maaleht.delfi.ee\/artikkel\/120590670\/1944-aastal-eesti-taevast-kaitsnud-luftwaffe-ohuass-lahkus-taevastele-radadele\/kommentaarid\" class=\"article-body-bottom__comment article-body-bottom__comment--read button button--size-auto\" rel=\"nofollow noopener\" target=\"_blank\"> Loe kommentaare (105)<\/a><\/p>\n","protected":false},"excerpt":{"rendered":"Nimelt t\u00e4histas mees 6. jaanuaril 104. s\u00fcnnip\u00e4eva. 11.01.2026 Eesti taevast kuuga 10 punakotkast alla tulistanud Saksa \u00f5hu\u00e4ss sai&hellip;\n","protected":false},"author":2,"featured_media":202879,"comment_status":"","ping_status":"","sticky":false,"template":"","format":"standard","meta":{"footnotes":"","_share_on_mastodon":"0"},"categories":[12],"tags":[26,27,37,33,35,34,36,31,32,21,83954,57289,28,29,1829,19,25,23,24,22,20,30],"class_list":["post-202878","post","type-post","status-publish","format-standard","has-post-thumbnail","category-eesti","tag-breaking-news","tag-breakingnews","tag-ee","tag-eesti","tag-eesti-keel","tag-estonia","tag-estonian","tag-featured-news","tag-featurednews","tag-headlines","tag-hugo-broch","tag-ii-maailmasoda","tag-latest-news","tag-latestnews","tag-luftwaffe","tag-news","tag-populaarseimad-lood","tag-top-stories","tag-topstories","tag-uldised-uudised","tag-uudised","tag-viimased-uudised"],"share_on_mastodon":{"url":"https:\/\/pubeurope.com\/@ee\/116743793814151545","error":""},"_links":{"self":[{"href":"https:\/\/www.europesays.com\/ee\/wp-json\/wp\/v2\/posts\/202878","targetHints":{"allow":["GET"]}}],"collection":[{"href":"https:\/\/www.europesays.com\/ee\/wp-json\/wp\/v2\/posts"}],"about":[{"href":"https:\/\/www.europesays.com\/ee\/wp-json\/wp\/v2\/types\/post"}],"author":[{"embeddable":true,"href":"https:\/\/www.europesays.com\/ee\/wp-json\/wp\/v2\/users\/2"}],"replies":[{"embeddable":true,"href":"https:\/\/www.europesays.com\/ee\/wp-json\/wp\/v2\/comments?post=202878"}],"version-history":[{"count":0,"href":"https:\/\/www.europesays.com\/ee\/wp-json\/wp\/v2\/posts\/202878\/revisions"}],"wp:featuredmedia":[{"embeddable":true,"href":"https:\/\/www.europesays.com\/ee\/wp-json\/wp\/v2\/media\/202879"}],"wp:attachment":[{"href":"https:\/\/www.europesays.com\/ee\/wp-json\/wp\/v2\/media?parent=202878"}],"wp:term":[{"taxonomy":"category","embeddable":true,"href":"https:\/\/www.europesays.com\/ee\/wp-json\/wp\/v2\/categories?post=202878"},{"taxonomy":"post_tag","embeddable":true,"href":"https:\/\/www.europesays.com\/ee\/wp-json\/wp\/v2\/tags?post=202878"}],"curies":[{"name":"wp","href":"https:\/\/api.w.org\/{rel}","templated":true}]}}