{"id":202893,"date":"2026-06-13T16:59:17","date_gmt":"2026-06-13T16:59:17","guid":{"rendered":"https:\/\/www.europesays.com\/ee\/202893\/"},"modified":"2026-06-13T16:59:17","modified_gmt":"2026-06-13T16:59:17","slug":"ullatus-punane-latern-napsas-valitsevalt-meistrilt-viigipunkti-ja-ulatas-paidele-abikae-soccernet-ee","status":"publish","type":"post","link":"https:\/\/www.europesays.com\/ee\/202893\/","title":{"rendered":"\u00dcllatus! Punane latern napsas valitsevalt meistrilt viigipunkti ja ulatas Paidele abik\u00e4e &#8211; Soccernet.ee"},"content":{"rendered":"<p><a href=\"https:\/\/soccernet.ee\/fotod\/nml-harju-jk-laagri-viimsi-jk\" rel=\"nofollow noopener\" target=\"_blank\"><img decoding=\"async\" src=\"https:\/\/www.europesays.com\/ee\/wp-content\/uploads\/2026\/06\/1777199709.jpg\" alt=\"Harju Laagri naiskond alistas Tallinna Flora. Foto: Oliver Berezjuk\"\/><\/a>&#13;\n<\/p>\n<p>Naiste Meistriliiga kaheksas m\u00e4nguvoor sai alguse \u00fcllatusega, kui tabeliliider Tallinna Flora leppis 2:2 viiki punase laterna Harju Laagriga.\u00a0<\/p>\n<p>Flora asus Lillek\u00fcla harjutusv\u00e4ljakul peetud kohtumist juhtima juba kolmandal minutil, kui Eva-Lotta Hertmanni kaitstava v\u00f5rgu pani sahisema Maribel Laidmets. Edu duubeldas 20 minuti t\u00e4itudes Gretlin Pihlak.\u00a0&#13;\n<\/p>\n<p>Avapoolaja l\u00f5pu eel tegi Harju aga endise Tallinna Kalevi m\u00e4ngija Anett Vilipuu tabamuste toel kiire tagasituleku. Esmalt leidis r\u00fcndaja v\u00f5rgu 39. minutil ning kolme minuti m\u00f6\u00f6dudes tegi ta seda taas. Teisel kolmveerandtunnil v\u00e4ravaid ei l\u00f6\u00f6dud ning kohtumine l\u00f5ppes viigiliselt.\u00a0&#13;\n<\/p>\n<p>Harju teenis esimese k\u00f5rgliigas veedetud hooaja jooksul alles teise punkti. Esimene neist v\u00f5ideldi v\u00e4lja kolmandas m\u00e4nguvoorus, kui v\u00e4ravateta viiki m\u00e4ngiti Viimsi JK-ga. Flora jaoks t\u00e4histas t\u00e4nane viik hooaja teist. Selle k\u00f5rval on neil ette n\u00e4idata viis v\u00f5itu ja \u00fcks kaotus.\u00a0<\/p>\n<p>Kaheksanda m\u00e4nguvooru j\u00e4rel j\u00e4tkab Flora siiski 17 silmaga esikohal ning Harju kahe punktiga viimasel kohal. Kui aga Paide Linnanaiskond suudab homme Viimsi alistada, siis kerkiks J\u00e4rvamaa esindusklubi tabeliliidriks. Seda, kas Linnanaiskond v\u00f5imaluse \u00e4ra kasutab, saab j\u00e4lgida Soccernet TV vahendusel homme kell 19.00.\u00a0&#13;<\/p>\n","protected":false},"excerpt":{"rendered":"&#13; Naiste Meistriliiga kaheksas m\u00e4nguvoor sai alguse \u00fcllatusega, kui tabeliliider Tallinna Flora leppis 2:2 viiki punase laterna Harju&hellip;\n","protected":false},"author":2,"featured_media":202894,"comment_status":"","ping_status":"","sticky":false,"template":"","format":"standard","meta":{"footnotes":"","_share_on_mastodon":"0"},"categories":[18],"tags":[37,33,35,34,36,163,905,502,2640,906,2957,1463,159,158,1465,700],"class_list":["post-202893","post","type-post","status-publish","format-standard","has-post-thumbnail","category-sport","tag-ee","tag-eesti","tag-eesti-keel","tag-estonia","tag-estonian","tag-flora","tag-harju","tag-harju-jk-laagri","tag-harju-laagri","tag-laagri","tag-naised","tag-naiste-meistriliiga","tag-sport","tag-sports","tag-tallinna-fc-flora","tag-tallinna-flora"],"share_on_mastodon":{"url":"https:\/\/pubeurope.com\/@ee\/116743868690599947","error":""},"_links":{"self":[{"href":"https:\/\/www.europesays.com\/ee\/wp-json\/wp\/v2\/posts\/202893","targetHints":{"allow":["GET"]}}],"collection":[{"href":"https:\/\/www.europesays.com\/ee\/wp-json\/wp\/v2\/posts"}],"about":[{"href":"https:\/\/www.europesays.com\/ee\/wp-json\/wp\/v2\/types\/post"}],"author":[{"embeddable":true,"href":"https:\/\/www.europesays.com\/ee\/wp-json\/wp\/v2\/users\/2"}],"replies":[{"embeddable":true,"href":"https:\/\/www.europesays.com\/ee\/wp-json\/wp\/v2\/comments?post=202893"}],"version-history":[{"count":0,"href":"https:\/\/www.europesays.com\/ee\/wp-json\/wp\/v2\/posts\/202893\/revisions"}],"wp:featuredmedia":[{"embeddable":true,"href":"https:\/\/www.europesays.com\/ee\/wp-json\/wp\/v2\/media\/202894"}],"wp:attachment":[{"href":"https:\/\/www.europesays.com\/ee\/wp-json\/wp\/v2\/media?parent=202893"}],"wp:term":[{"taxonomy":"category","embeddable":true,"href":"https:\/\/www.europesays.com\/ee\/wp-json\/wp\/v2\/categories?post=202893"},{"taxonomy":"post_tag","embeddable":true,"href":"https:\/\/www.europesays.com\/ee\/wp-json\/wp\/v2\/tags?post=202893"}],"curies":[{"name":"wp","href":"https:\/\/api.w.org\/{rel}","templated":true}]}}