{"id":202917,"date":"2026-06-13T17:36:16","date_gmt":"2026-06-13T17:36:16","guid":{"rendered":"https:\/\/www.europesays.com\/ee\/202917\/"},"modified":"2026-06-13T17:36:16","modified_gmt":"2026-06-13T17:36:16","slug":"politico-trumpi-vaimehe-kinnisvaraarendus-vallandas-albaanias-rahvaulestousu-valismaa","status":"publish","type":"post","link":"https:\/\/www.europesays.com\/ee\/202917\/","title":{"rendered":"Politico: Trumpi v\u00e4imehe kinnisvaraarendus vallandas Albaanias rahva\u00fclest\u00f5usu | V\u00e4lismaa"},"content":{"rendered":"<p>Albaanlased ole vaimustuses ideest, et rikkad v\u00e4lisinvestorid valavad nende loodusv\u00e4\u00e4rtused betooni, et ehitada hotelle rikastele v\u00e4lismaistele puhkajatele, m\u00e4rkis v\u00e4ljaanne.<\/p>\n<p>Kavandatav 10 000 voodikohaga kuurort kaitsealuse looduspargi l\u00e4hedal \u2013 kus elavad flamingod ja kilpkonnad \u2013 vallandas suurimad rahva meeleavaldused alates ajast, mil Albaania enam kui 30 aastat tagasi kommunismi k\u00fc\u00fcsist p\u00e4\u00e4ses.<\/p>\n<p>Kahe n\u00e4dala jooksul kasvas &#8220;flamingorevolutsiooniks&#8221; ristitud liikumine \u00fcleriigiliseks kampaaniaks, mis on suunatud Albaania kogu valitseva klassi vastu.<\/p>\n<p>Aastaid kestnud valitsuse korruptsioon, ohjeldamatu turism, pettumus Albaania majandusarengus (tegemist on \u00fche Euroopa vaeseima riigiga) ning \u00fcldine arusaam, et riiki juhitakse pigem k\u00e4put\u00e4ie rikaste kui rahva huvides, viisid paljud albaanlased viimse piirini.<\/p>\n<p>N\u00fc\u00fcd n\u00f5uavad meeleavaldajad peaminister Edi Rama ning opositsioonijuhi ja endise peaministri Sali Berisha tagasiastumist ja isegi vangistamist. Tegemist on kahe k\u00f5ige kauem ametis olnud juhiga alates kommunistliku re\u017eiimi langemisest riigis 1991. aastal.<\/p>\n<p>&#8220;Siinsed noored ja kodanikud ei protesti ainult Rama ja Berisha, vaid kogu s\u00fcsteemi vastu,&#8221; \u00fctles kodaniku\u00fchiskonna aktivist Fran\u00e7eska Mu\u00e7o, kes liitus Tiranas toimunud meeleavaldustega. &#8220;See on protest kogu diktatuurij\u00e4rgse s\u00fcsteemi ja k\u00f5igi negatiivsete mudelite vastu, mis on selles riigis normaalsuseks muudetud.&#8221;<\/p>\n<p>Rama ise \u00fctles intervjuus v\u00e4ljaandele Politico, et v\u00e4lismaised kinnisvaraarendajad nagu Kushner on Albaania jaoks olulisemad kui riigi enda rahvas.<\/p>\n<p>&#8220;V\u00e4lismaalased on peamine prioriteet&#8230; sest nad toovad albaanlaste jaoks riiki raha,&#8221; \u00fctles kahemeetrine endine elukutseline korvpallur Rama juuni alguses antud vandes\u00f5nadega v\u00fcrtsitatud intervjuus. Ta v\u00e4itis ka, et v\u00e4lismeedia tunneb teema vastu huvi ainult Kushneri seotuse t\u00f5ttu.<\/p>\n<p>&#8220;Kui see poleks Jared, ei kotiks neid \u00fcldse, mis Albaanias toimub,&#8221; \u00fctles ta.<\/p>\n<p>Rama provokatiivsed kommentaarid, mis k\u00f5lasid ajal, mil \u00fcle riigi juba meelt avaldati, ei aidanud kuidagi pingeid maandada.<\/p>\n<p>Protestidega samal ajal on kaalul ka Albaania eesm\u00e4rk \u00fchineda Euroopa Liiduga. Pikka aega peeti riiki oma p\u00f5hjanaabri Montenegro k\u00f5rval peamiseks kandidaadiks, kes v\u00f5iks 2030. aastaks EL-iga liituda. N\u00fc\u00fcd \u00e4hvardab see v\u00f5imalus aga k\u00e4est libiseda, sest Br\u00fcssel j\u00e4lgib poliitilisi rahutusi ja keskkonnah\u00e4vingut murega.<\/p>\n<p>Kavandatav kuurort<\/p>\n<p>Albaania l\u00f5unarannikul asuv Vlor\u00eb on menukas puhkajate seas, kes otsivad soodsa hinna eest Kreeka stiilis p\u00e4ikest ja merd.<\/p>\n<p>Linnast p\u00f5hja poole j\u00e4\u00e4v rannik on siiani puutumata. Madalikel liiguvad flamingod, kilpkonnad teevad liiva sisse pesi ning metsikul rannikuribal n\u00e4eb veepinnale t\u00f5usmas ka h\u00fclgeid. Pish\u00eb Poro-Narta kaitseala on osa Vjosa j\u00f5e deltast, mida nimetatakse sageli Euroopa viimaseks metsikuks j\u00f5eks.<\/p>\n<p><img decoding=\"async\" data-photo-id=\"3658075\" src=\"https:\/\/www.europesays.com\/ee\/wp-content\/uploads\/2026\/06\/3658075ha811t24.jpg\"\/>Vjosa-Narta looduskaitseala Autor\/allikas: SCANPIX\/REUTERS\/Florion Goga<\/p>\n<p>N\u00fc\u00fcd on see id\u00fcll aga ohus. Maastikku l\u00e4bib \u00e4sja rajatud autotee, piirkonnas patrullib politsei ning eemaldatud aedadest maha j\u00e4\u00e4nud betoonvundamendid t\u00e4histavad 1,4 miljardi euro suuruse luksuskuurordi tulevast asukohta. Kuurortiga tekiks \u00fchte Albaania suurima bioloogilise mitmekesisusega piirkonda 10 000 voodikohaga &#8220;linn&#8221;.<\/p>\n<p>Kuigi projekt on muutunud s\u00fcnon\u00fc\u00fcmiks Kushneri ja tema abikaasa Ivankaga, kes on USA president Donald Trumpi t\u00fctar, viitavad m\u00f5ned hiljutised teated sellele, et Kushneri investeerimisgrupp Affinity Partners on projektist loobunud.\u00a0Politcol ei \u00f5nnestunud aga sellele v\u00e4itele kinnitust saada.<\/p>\n<p>Kuurordi ehitust\u00f6\u00f6d kiideti heaks ilma keskkonnam\u00f5ju hindamiseta, mis ongi kujunenud vaidluse tuumaks.<\/p>\n<p>Mai l\u00f5pus lohistas turvamees \u00fcht meeleavaldajat m\u00f6\u00f6da sedasama kaljut, kui kohalikud ja aktivistid n\u00f5udsid t\u00f5kete eemaldamist. Sellised vahejuhtumid on siseriiklikke rahutusi veelgi v\u00f5imendanud. N\u00fc\u00fcdseks on k\u00fcmned tuhanded albaanlased tulnud t\u00e4navatele.<\/p>\n<p>Tirana meeleavaldused kestavad juba pea kolmandat n\u00e4dalat ning toetusprotestid toimuvad ka teistes linnades. Proteste on korraldanud ka USA-s, Kanadas, Prantsusmaal, Saksamaal, Kreekas, Itaalias ja \u00dchendkuningriigis elavad albaanlased.\u00a0<\/p>\n<p>Meeleavaldajad n\u00f5uavad projekti peatamist ja Rama tagasiastumist p\u00e4rast 13 aastat v\u00f5imul olemist.<\/p>\n<p>Meeleavalduste kajastamiseks on Albaaniasse voolanud ka rahvusvaheline meedia, samal ajal kui Rama sattus sotsiaalmeedias s\u00f5nas\u00f5tta USA senaatori Bernie Sandersi ja Iraani valitsusega.<\/p>\n<p>Turistid v\u00f5i albaanlased?<\/p>\n<p>Rama veendumus, et Albaania vajab v\u00e4lisinvesteeringuid, peegeldab valitsuse ambitsiooni muuta riik &#8220;Euroopa Maldiivideks&#8221;. See p\u00fc\u00fcdlus on kolmekordistanud k\u00fclastajate arvu vaid k\u00fcmne aastaga. Eelmisel aastal k\u00fclastas riiki \u00fcle 12 miljoni turisti, mida on enam kui neli korda rohkem kui riigis elanikke.\u00a0<\/p>\n<p>Meeleavaldajate, opositsioonipoliitikute ja kodaniku\u00fchiskonna s\u00f5nul koormab aga luksusturism \u00fcha enam keskkonda, tuues kodanikele v\u00e4he majanduslikku kasu.<\/p>\n<p>Albaania on vastu v\u00f5tnud vastuolulisi seadusi strateegiliste investeeringute ja kaitsealade kohta. Keskkonnaorganisatsioonide ja meeleavaldajate s\u00f5nul on need loodud turismisektori turgutamiseks ning sarnastele projektidele, kui Kushneri oma, teed sillutama.\u00a0<\/p>\n<p>EuroNaturi tegevdirektor Gabriel Schwaderer lausus, et valitsuse ajakava on tekitanud ka kahtlusi, justkui p\u00fc\u00fcaks Tirana suruda l\u00e4bi v\u00f5imalikult palju turismiprojekte enne, kui EL-iga liitumine sunnib riiki j\u00e4rgima rangemaid keskkonnareegleid\u00a0<\/p>\n<p>Kushneri kuurordi plaanid pole Vlor\u00ebs ainsad vaidlusi tekitavad projektid.\u00a0<\/p>\n<p>Sisemaa pool asuvast Vlor\u00eb lennujaamast on saanud sama arengumudeli s\u00fcmbol. Tegu on tundlikesse \u00f6kos\u00fcsteemidesse rajatud projektidega, mida saadavad s\u00fc\u00fcdistused l\u00e4bipaistmatutes menetlustes ja onupojapoliitikas.\u00a0<\/p>\n<p>Lennujaam pidi uksed avama 2025. aastal, kuid on viibinud ja n\u00fc\u00fcdseks takerdunud aktsion\u00e4ride ning Albaania riigi vahelisse \u00f5igusvaidlusesse.<\/p>\n<p>Kushneril ja ta abikaasal on kavas muuta ka riigi ainus saar, Sazan, luksuskuurordiks.<\/p>\n<p>Riigi saatus<\/p>\n<p>Tirana meeleavaldajad nimetavad toimuvat Albaania olulisimaks hetkeks p\u00e4rast kommunismi langemist 1991. aastal. Nende plakatid ja h\u00fc\u00fcded n\u00f5uavad uut Albaaniat, mida juhiksid inimesed igas vanuses ja igast \u00fchiskonnaklassist. Nad p\u00fc\u00fcavad tagasi v\u00f5tta riiki, mis on endiselt r\u00e4situd raskest \u00fcleminekust Enver Hoxha suletud kommunistlikust diktatuurist avatud Euroopa demokraatiaks.<\/p>\n<p>&#8220;Arvan, et see on viimase 30 aasta suurim hetk meie jaoks,&#8221; lausus Tiranas arvutiteadust \u00f5ppiv 21-aastane meeleavaldaja Emir Leqini. &#8220;See on esimene kord, kui me ei karda protestida, saame t\u00f5sta h\u00e4\u00e4lt ja n\u00f5uda seda, mis kuulub meile.&#8221;<\/p>\n<p>Tema s\u00f5nul ei l\u00f5pe protestid enne, kui peaminister Rama tagasi astub.\u00a0<\/p>\n<p>Alates esimesest meeleavaldusest 1. juunil on protestijate arv p\u00e4ev-p\u00e4evalt kasvanud. Liikumise fookuses pole enam pelgalt Pish\u00eb Poro-Narta kaitseala, vaid ka 35 aastat kestnud pettumus Albaania kommunismij\u00e4rgses \u00fcleminekuperioodis, mida on domineerinud kaks juhti: Rama ja tema eelk\u00e4ija Sali Berisha.<\/p>\n<p><img decoding=\"async\" data-photo-id=\"3658072\" src=\"https:\/\/www.europesays.com\/ee\/wp-content\/uploads\/2026\/06\/3658072h1353t24.jpg\"\/>Meeleavaldus Albaanias Autor\/allikas: SCANPIX\/Adnan Beci \/ AFP<\/p>\n<p>Konservatiivse Demokraatliku Partei juht Berisha juhtis Albaaniat vahelduva eduga alates kommunismi l\u00f5pust kuni 2013. aastani ning teda peetakse demokraatliku Albaania isaks. N\u00fc\u00fcd on aga temagi meeleavaldajate m\u00e4rklauaks.\u00a0<\/p>\n<p>Protestijad on pettunud postkommunistlikus s\u00fcsteemis, mis on nende s\u00f5nul toonud kaasa aastak\u00fcmneid korruptsiooni, madalaid palku ja sunnib albaanlasi kodumaalt lahkuma.<\/p>\n<p>&#8220;See ei h\u00e4iri mind,&#8221; kommenteeris Berisha v\u00e4ljaandele Politico tema vangistamist n\u00f5udvaid \u00fcleskutseid. &#8220;Sellega tuleb lihtsalt elada. Lehed ei tohiks varjata puut\u00fcve. Puut\u00fcvi on see, et nad n\u00f5uavad Rama k\u00f5rvaldamist.&#8221;<\/p>\n<p>Berisha, kellele kehtestati 2021. aastal toonase presidendi Joe Bideni administratsiooni ajal sisses\u00f5idukeeld Ameerika \u00dchendriikidesse &#8220;m\u00e4rkimisv\u00e4\u00e4rseks korruptsiooniks&#8221; nimetatud tegevuse t\u00f5ttu ja kellel \u00dchendkuningriik keelas hiljem sisenemise v\u00e4idetavate sidemete p\u00e4rast organiseeritud kuritegevusega, \u00fctles Politicole, et USA piirang t\u00fchistati neljap\u00e4eval.<\/p>\n<p>Berisha eitab igasuguseid rikkumisi ja v\u00e4idab, et sanktsioonid olid poliitiliselt motiveeritud. Ta seostab neid Rama suhetega miljard\u00e4rist investori George Sorose ja tema poja Alex Sorosega, nimetades seda katseks ta poliitikast eemaldada.<\/p>\n<p>&#8220;See tuli otse Edi Ramalt ja George Soroselt. M\u00f5lemad tegid minu vastu lobit\u00f6\u00f6d,&#8221; v\u00e4itis Berisha.<\/p>\n<p>Berisha kinnitas, et on Rama valitsuse keskkonnapoliitika vastu, kuid ei avaldanud protestijatele t\u00e4ielikku toetust. &#8220;See pole meie protest, meie ei ole seda kokku kutsunud,&#8221; s\u00f5nas ta.<\/p>\n<p>Projekt on v\u00f5i ei ole?<\/p>\n<p>M\u00f5ningatel andmetel n\u00e4ib, et EL-i surve seoses Pish\u00eb Poro-Narta looduskaitsealaga on juba muutuse kaasa toonud.<\/p>\n<p>Euroopa Komisjoni v\u00e4itel andis Albaania keskkonnaminister Sofjan Jaupaj &#8220;lubaduse peatada ehitust\u00f6\u00f6d ning korraldada projektile koost\u00f6\u00f6s kodaniku\u00fchiskonnaga laiaulatuslik keskkonnam\u00f5ju hindamine&#8221;.<\/p>\n<p>Nii Jaupaj kui ka Rama aga eitavad komisjonile \u00f6eldut.<\/p>\n<p>&#8220;26. mail toimunud veebikohtumisel Euroopa Komisjoni esindajatega teavitas minister Jaupaj komisjoni, et l\u00f5plikku projektitaotlust pole esitatud ja ehitustegevust pole alustatud, kuna ehitusluba pole v\u00e4ljastatud,&#8221; teatas ministeeriumi pressiesindaja Politicole.<\/p>\n<p>Rama kinnitab aga avalikult j\u00e4tkuvalt, et projekt l\u00e4heb edasi. See seisukoht on n\u00e4ilises vastuolus tema v\u00e4itega, justkui projekti polekski olemas.<\/p>\n<p>Kaitseala k\u00fclastades r\u00e4\u00e4givad t\u00f5endid aga enda eest: eemaldatud piirdeaedadest on alles j\u00e4\u00e4nud betoonvundamendid ja ehitustegevuse alustamiseks on rajatud tee.<\/p>\n<p>Rama v\u00e4idab, et tee rajati kohalikule kogukonnale.\u00a0<\/p>\n<p>&#8220;Millisele kogukonnale?&#8221; k\u00fcsis Albaania vanima keskkonnaorganisatsiooni PPNEA \u00f6koloog Joni Vorpsi. &#8220;Meil pole enam mingeid kaitsealasid, kui k\u00f5igil on raha oma kinnisvara sinna arendada.&#8221;<\/p>\n","protected":false},"excerpt":{"rendered":"Albaanlased ole vaimustuses ideest, et rikkad v\u00e4lisinvestorid valavad nende loodusv\u00e4\u00e4rtused betooni, et ehitada hotelle rikastele v\u00e4lismaistele puhkajatele, m\u00e4rkis&hellip;\n","protected":false},"author":2,"featured_media":202918,"comment_status":"","ping_status":"","sticky":false,"template":"","format":"standard","meta":{"footnotes":"","_share_on_mastodon":"0"},"categories":[5],"tags":[1251,26,27,324,37,33,35,34,36,31,32,21,2108,8831,42363,304,691,54607,28,29,285,15882,317,19,25,1263,23,24,3436,22,55690,325,20,30],"class_list":["post-202917","post","type-post","status-publish","format-standard","has-post-thumbnail","category-uldised-uudised","tag-albaania","tag-breaking-news","tag-breakingnews","tag-donald-trump","tag-ee","tag-eesti","tag-eesti-keel","tag-estonia","tag-estonian","tag-featured-news","tag-featurednews","tag-headlines","tag-ivanka-trump","tag-jared-kushner","tag-kaitseala","tag-keskkond","tag-kinnisvara","tag-kuurort","tag-latest-news","tag-latestnews","tag-loodus","tag-looduskaitse","tag-meeleavaldus","tag-news","tag-populaarseimad-lood","tag-protest","tag-top-stories","tag-topstories","tag-turism","tag-uldised-uudised","tag-ulestous","tag-usa","tag-uudised","tag-viimased-uudised"],"share_on_mastodon":{"url":"https:\/\/pubeurope.com\/@ee\/116744014417576556","error":""},"_links":{"self":[{"href":"https:\/\/www.europesays.com\/ee\/wp-json\/wp\/v2\/posts\/202917","targetHints":{"allow":["GET"]}}],"collection":[{"href":"https:\/\/www.europesays.com\/ee\/wp-json\/wp\/v2\/posts"}],"about":[{"href":"https:\/\/www.europesays.com\/ee\/wp-json\/wp\/v2\/types\/post"}],"author":[{"embeddable":true,"href":"https:\/\/www.europesays.com\/ee\/wp-json\/wp\/v2\/users\/2"}],"replies":[{"embeddable":true,"href":"https:\/\/www.europesays.com\/ee\/wp-json\/wp\/v2\/comments?post=202917"}],"version-history":[{"count":0,"href":"https:\/\/www.europesays.com\/ee\/wp-json\/wp\/v2\/posts\/202917\/revisions"}],"wp:featuredmedia":[{"embeddable":true,"href":"https:\/\/www.europesays.com\/ee\/wp-json\/wp\/v2\/media\/202918"}],"wp:attachment":[{"href":"https:\/\/www.europesays.com\/ee\/wp-json\/wp\/v2\/media?parent=202917"}],"wp:term":[{"taxonomy":"category","embeddable":true,"href":"https:\/\/www.europesays.com\/ee\/wp-json\/wp\/v2\/categories?post=202917"},{"taxonomy":"post_tag","embeddable":true,"href":"https:\/\/www.europesays.com\/ee\/wp-json\/wp\/v2\/tags?post=202917"}],"curies":[{"name":"wp","href":"https:\/\/api.w.org\/{rel}","templated":true}]}}