{"id":202989,"date":"2026-06-13T19:55:16","date_gmt":"2026-06-13T19:55:16","guid":{"rendered":"https:\/\/www.europesays.com\/ee\/202989\/"},"modified":"2026-06-13T19:55:16","modified_gmt":"2026-06-13T19:55:16","slug":"luup-peale-flora-sirutas-kae-kiirelt-rekordini-aga-levadia-valitseb-linna-soccernet-ee","status":"publish","type":"post","link":"https:\/\/www.europesays.com\/ee\/202989\/","title":{"rendered":"Luup peale | Flora sirutas k\u00e4e kiirelt rekordini, aga Levadia valitseb linna &#8211; Soccernet.ee"},"content":{"rendered":"<p><img decoding=\"async\" src=\"https:\/\/www.europesays.com\/ee\/wp-content\/uploads\/2026\/06\/1781378826.jpg\" alt=\"Levadia j\u00e4ttis Flora taas selja taha. Foto: Anna Andreas\"\/>&#13;\n<\/p>\n<p>Rohevalgest v\u00f5imust j\u00e4i alles vaid valge. Lillek\u00fclas seekord &#8220;k\u00fclalise&#8221; rollis olnud ja seet\u00f5ttu valgetes s\u00e4rkides m\u00e4nginud FCI Levadia kinnitas sel hooajal juba teistkordselt, et Tallinna derbis kuulub v\u00f5im neile. Kaotusseisust v\u00f5etud 3:1 v\u00f5it k\u00e4ristas punktiedu FC Flora ees tabelis kahekohaliseks ja kinnistas hetke Eesti parima klubi staatust.<\/p>\n<p>V\u00f5itu rohkem vajanud Floral kulus Levadia v\u00e4rava lahtimuukimiseks k\u00f5igest napilt \u00fcle viie minuti. Nikita Kalm\u00f5kov leidis diagonaals\u00f6\u00f6duga vasakult \u00e4\u00e4relt Sander Alamaa, Frank Liivak j\u00e4i florakast liiga kaugele ning Alamaa s\u00f6\u00f6tis \u00fcsna segamatult v\u00e4rava ette, kus kahe kaitsja vahelt l\u00e4bi lipsanud Rauno Sappinen palli v\u00f5rku l\u00fckkas \u2013 1:0!&#13;\n<\/p>\n<p>Levadia ei heitunud ja l\u00f5ikas \u00f5ige pea kasu omajagu k\u00fcsim\u00e4rke \u00f5hku j\u00e4tnud olukorrast. Wendell kukkus karistusalas dramaatiliselt, peakohtunik Kristo Tohver lasi m\u00e4ngul j\u00e4tkuda, ent VAR suunas ta videoekraani juurde ja Tohver muutiski otsust \u2013 penalti! Maksimilian Skvortsov l\u00f5i \u00fchte, Kaur Kivila h\u00fcppas teise nurka \u2013 1:1.&#13;\n<\/p>\n<p>Poolv\u00f5imalusi tekkis m\u00f5lemal meeskonnal avapoolaja jooksul veel, kuid Kivila ja Karl-Andre Vallner ei pidanud viigiseisu hoidmiseks imetegusid tegema. K\u00fcll tegi Kivila kahel korral arusaamatu vales\u00f6\u00f6duga enda elu ise keeruliseks, ent ka Levadia ei suutnud kingitusi \u00e4ra kasutada. Poolaja l\u00f5pu eel leidis Alamaa taas karistusalast Sappineni, ent n\u00fc\u00fcd nurjas \u0161ansi Abraham Nwankwo hea tegutsemine.<\/p>\n<p>Pausilt naasis teravamalt Levadia. Mihkel Ainsalu keerutas karistusl\u00f6\u00f6gi healt positsioonilt taevasse, Joao Pedro l\u00f6\u00f6gile j\u00f5udis viimasel hetkel ette viskuda Airon Kollo. Ent 54. minutil k\u00e4rises Flora kaitse siiski t\u00e4iesti ootamatult. Kalm\u00f5kov t\u00f5mbas otsajoone juures Saliste jalust, Joao Pedro s\u00e4ttis trahvil\u00f6\u00f6gi otse Wendelli pea peale ja brasiillane k\u00f5ksas t\u00e4iesti segamatult Levadia uuesti 2:1 juhtima!&#13;\n<\/p>\n<p><img decoding=\"async\" src=\"https:\/\/www.europesays.com\/ee\/wp-content\/uploads\/2026\/06\/1781378820.jpg\" alt=\"Florakad tegid kaitses v\u00e4ikeseid, aga saatuslikke eksimusi. Foto: Anna Andreas\"\/>&#13;\n<\/p>\n<p>Floral \u00f5nnestus initsiatiiv seej\u00e4rel endale haarata, aga l\u00f5ppteravust nappis. Vladislav Kreida sai kahel korral proovida karistusl\u00f6\u00f6ki, aga p\u00f5rutas esimese meestesumma ja teise Vallneri kinnastesse. Peamiselt \u00e4\u00e4rte kaudu sihilej\u00f5udmist proovinud Florat \u00fcritasid vedada \u00fclikogenud vahetusmehed Rauno Alliku ja Sergei Zenjov, kuid tulutult. K\u00f5ige l\u00e4hemale j\u00f5uti tabamusele 79. minutil, kui Zenjov palli Salistelt tagasi v\u00f5itles ja s\u00f6\u00f6tis v\u00e4rava ette Taaniel Ustale. Flora r\u00fcndaja kompuuter andis aga l\u00fchi\u00fchendust ning ta ei tabanud isegi palli.&#13;\n<\/p>\n<p>Kui ise ei l\u00f6\u00f6 &#8230; Levadia kindlustas v\u00f5idu lisaminutitel, v\u00f5ideldes end ise \u00f5nneliku p\u00f5rkeni. Enock Otoo pidas keskjoone juures \u00fcksi lahingut Mihhail Kolobovi ja Kreidaga ning pall j\u00f5udis tema jalast l\u00f5puks Ainsalule, kes m\u00e4rkas v\u00e4ravast kaugele tulnud Kivilat, vinditas palli mitmek\u00fcmnelt meetrilt v\u00f5rku ning mattus hetk hiljem juubeldavate kaaslaste k\u00fclakuhja alla \u2013 3:1 v\u00f5it Levadiale!&#13;\n<\/p>\n<p>Soccernet.ee tegi m\u00e4ngust j\u00e4rgmised t\u00e4helepanekud:&#13;\n<\/p>\n<p>1. Maksavad enesekindlus ja detailid<\/p>\n<p>Flora r\u00fcndas rohkem, aga Levadia r\u00fcndas paremini. Kuigi teisel poolajal p\u00fcsis pall pikalt Levadia v\u00e4rava l\u00e4histel, kogunes pealel\u00f6\u00f6ke l\u00f5puks Levadiale pisut rohkemgi ja raamil\u00f6\u00f6gid j\u00e4id viiki. Flora r\u00fcnnakute l\u00f5petamises nappis sirgjoonelisust ja sihikindlust. Senise hooaja \u00fcks v\u00f5tmem\u00e4ngijaid Sander Alamaa j\u00e4i t\u00e4iesti varju, teisel poolajal kadus pildist ka esir\u00fcndaja Rauno Sappinen, avapoolajaga v\u00f5rreldes \u00f5nnestus Levadiale palju paremini kontrollida Tony Varjundi tegutsemist.&#13;\n<\/p>\n<p>Tagaliinis oli Flora suures plaanis kindel, aga k\u00f5igi kolme v\u00e4rava puhul v\u00e4\u00e4ratati. Esmalt j\u00e4i muidu korraliku partii teinud Airon Kollo jalasirutusega hiljaks ja p\u00f5hjustas penalti. Teise poolaja alguses l\u00e4ksid florakatel spikrid lootusetult sassi standardolukorra kaitsmisel, sest Wendelli ei taibanud valvata mitte keegi. Ning ka kolmandale Levadia tabamusele eelnes Flora pallikaotus. &#8220;Suuri m\u00e4nge otsustavad detailid&#8221; k\u00f5lab k\u00fcll kli\u0161eena, ent on siiski sageli otse elust maha kirjutatud.&#13;\n<\/p>\n<p>2. Oli penalti v\u00f5i mitte?<\/p>\n<p>Kiirelt kaotusseisu j\u00e4\u00e4nud Levadiale ulatas paarik\u00fcmne minuti j\u00e4rel \u00f5lek\u00f5rre VAR. Kui Wendell karistusalas kukkus, tundus see k\u00fcll liialt dramaatiline, ent juba esimesed kordused n\u00e4itasid, et kontakt Kollo jalaga siiski oli ning ka palli m\u00e4ngimisest j\u00e4i Flora kaitsja kaugele. Kahtlemata lisas Wendell kukkumisele paraja portsu teatraalsust, ent samas ei muuda see tingimata kaitsja m\u00e4\u00e4rusterikkumist olematuks.&#13;\n<\/p>\n<p><img decoding=\"async\" src=\"https:\/\/www.europesays.com\/ee\/wp-content\/uploads\/2026\/06\/1781379177.jpg\" alt=\"Hetk, mil Airon Kollo p\u00f5lv tabab Wendelli jalga. Foto: Soccernet TV\"\/>&#13;\n<\/p>\n<p>Isek\u00fcsimus on taas see, kas videoekraanilt lisandus piisavalt uut infot, et Tohver pidanuks esialgset otsust muutma. Telekorduste p\u00f5hjal tundus tal olevat Kollo ja Wendelli kokkup\u00f5rkele \u00fcpris hea vaade, ehkki Joao Pedro v\u00f5is seda pisut takistada. Kuid kokkuv\u00f5ttes kinnitavad aegluubis kaadrid selgelt, et Kollo p\u00f5lv tabab Wendelli p\u00f5lve ning seega j\u00f5uti koost\u00f6\u00f6s \u00f5ige otsuseni.&#13;\n<\/p>\n<p>3. Puudu justkui polnudki kedagi!<\/p>\n<p>Mitu olulist k\u00fcsimust said vastuse juba tunnike enne avavilet. Eesti A-koondise m\u00e4ngudest reie l\u00e4hendajalihase v\u00e4ikese trauma t\u00f5ttu eemale j\u00e4\u00e4nud Rauno Sappinen ning U21 koondise m\u00e4ngus L\u00e4ti vastu vigastatuna platsilt lahkunud Sander Alamaa kuulusid m\u00f5lemad Flora algrivistusse. Sealt puudus vaid viirushaiguse k\u00fc\u00fcsi j\u00e4\u00e4nud Sander Tovstik, kelle koha v\u00f5ttis vasakkaitses sisse Robert Veering.&#13;\n<\/p>\n<p>Levadia \u00fcllatas liiga parima v\u00e4ravak\u00fcti Bubacarr Tambedou pingile istutamisega \u2013 sel hooajal 11 korda v\u00f5rku sahistanud gambialast vaevas pisivigastus. K\u00fcll aga oli t\u00e4ies m\u00e4nguvalmiduses noortekoondise akna sootuks vahele j\u00e4tnud Maksimilian Skvortsov, kes kuulus sarnaselt Sappinenile ja Alamaale algkoosseisu ning tegutses ka v\u00e4ga silmapaistvalt.<\/p>\n<p>L\u00f5puks j\u00e4lgiski Tambedou m\u00e4ngu pingilt, kuna vahetusest otsustas Vjat\u0161eslav Zahovaiko m\u00e4ngu saata Moussa Sambe ja Enock Otoo. Ning Wendell, Skvortsov ja kaaslased ei lubanud kordagi meeskonna parima r\u00fcndaja puudumisel meelde tulla. Arvestades, et ees ootab topeltvooruga n\u00e4dal ehk Levadia peab kaheksa p\u00e4eva jooksul v\u00e4ljakule jooksma kolmel korral, oli Tambedoule puhkuse andmine peatreener Zahovaiko jaoks ootamatu, aga v\u00e4ga meeltm\u00f6\u00f6da luksus.&#13;\n<\/p>\n<p><img decoding=\"async\" src=\"https:\/\/www.europesays.com\/ee\/wp-content\/uploads\/2026\/06\/1781378823.jpg\" alt=\"Levadia valitseb derbit. Foto: Anna Andreas\"\/>&#13;\n<\/p>\n<p>4. Otsustavad n\u00e4dalad?<\/p>\n<p>V\u00f5it k\u00e4ristas Levadia edu Flora ees juba 12 punktile ja ehkki florakatel on \u00fcks m\u00e4ng varuks, on seda ikkagi v\u00e4ga palju. Kui kahe n\u00e4dala p\u00e4rast peaks j\u00e4rgmises omavahelises kohtumises taas j\u00e4\u00e4ma peale Levadia, muutuks nende elu veel ilusamaks. Ent muidugi ei saa maha kanda ka N\u00f5mme Kaljut, kes kohtub p\u00fchap\u00e4eval Paidega. Kas selle m\u00e4ngu j\u00e4rel on Levadia edu l\u00e4hima j\u00e4litaja ees endiselt 8 v\u00f5i juba 11 punkti?&#13;\n<\/p>\n<p>L\u00e4hin\u00e4dalad v\u00f5ivad tabeli veel klaarimaks l\u00fc\u00fca, sest &#8220;suured&#8221; m\u00e4ngivad omavahel. Juba j\u00e4rgmisel laup\u00e4eval l\u00e4hevad vastamisi Levadia ja Kalju, p\u00e4ev hiljem v\u00f5\u00f5rustab Flora aga Paidet. Veel n\u00e4dal aega hiljem kohtuvad taas nii Kalju ja Paide kui ka Levadia ja Flora.&#13;\n<\/p>\n<p>5. M\u00f5ru t\u00f5us esikohta jagama<\/p>\n<p>Rauno Sappinenil on kaotuse t\u00f5ttu sellest ilmselt \u00fcsna \u00fcksk\u00f5ik, aga ta kerkis m\u00e4ngu avav\u00e4ravaga \u00fches tabelis esikohta jagama. Flora ja Levadia derbides hoidis parima v\u00e4ravak\u00fcti au pikalt enda k\u00e4es Konstantin Nahk, kellel \u00f5nnestus Levadia eest neis duellides skoori teha 11 korral. Sappinen on juba paar aastat olnud tema l\u00e4him j\u00e4litaja, j\u00f5udes mullu mais 10. ja n\u00fc\u00fcd viimaks ka 11. v\u00e4ravani.&#13;\n<\/p>\n<p><img decoding=\"async\" src=\"https:\/\/www.europesays.com\/ee\/wp-content\/uploads\/2026\/06\/1781378829.jpg\" alt=\"Rauno Sappinen jagab derbiv\u00e4ravate arvestuses n\u00fc\u00fcd esikohta. Foto: Anna Andreas\"\/>&#13;\n<\/p>\n<p>M\u00f5istagi on Flora esir\u00fcndaja ja meeskonna jaoks hoopis t\u00e4htsam see, et j\u00e4me ots kipub Tallinna derbides v\u00e4gisi libisema Levadia k\u00e4tte. Flora pika valitsemisaja j\u00e4rel on viimase kolme ja poole aastaga Premium liigas vastamisi mindud 14 korral, Levadia on neist v\u00f5itnud pooled m\u00e4ngud ja veel kolm kohtumist on j\u00e4\u00e4nud viiki. Flora saagiks on selle perioodi jooksul j\u00e4\u00e4nud vaid neli v\u00f5itu.&#13;\n<\/p>\n<p>6. Publikurekord, aga saab palju paremini<\/p>\n<p>Nirust ilmast hoolimata kogunes A. Le Coq Arena trib\u00fc\u00fcnidele 1468 pealtvaatajat, kes said osa korralikust lahingust. Ehkki Tallinna derbi kohta on tegu samas siiski niru numbriga, Samas on see v\u00f5imalik \u00fcle l\u00fc\u00fca juba kahe n\u00e4dala p\u00e4rast ehk 28. juunil, kui p\u00fchap\u00e4eva\u00f5htul uuesti kokku minnakse.&#13;\n<\/p>\n<p><img decoding=\"async\" src=\"https:\/\/www.europesays.com\/ee\/wp-content\/uploads\/2026\/06\/1781378832.jpg\" alt=\"Maksimilian Skvortsov n\u00e4itas k\u00fcpsust. Foto: Anna Andreas\"\/>&#13;\n<\/p>\n<p>7. M\u00e4ngu parim \u2013 Maksimilian Skvortsov<\/p>\n<p>Levadia noor r\u00fcndaja tegutses kogenud kaaslaste k\u00f5rval nagu meeskonna s\u00fcndinud liider. Et teda usaldatakse, n\u00e4itas ka penaltil\u00f6\u00f6gi Skvortsovile loovutamine.<\/p>\n","protected":false},"excerpt":{"rendered":"&#13; Rohevalgest v\u00f5imust j\u00e4i alles vaid valge. Lillek\u00fclas seekord &#8220;k\u00fclalise&#8221; rollis olnud ja seet\u00f5ttu valgetes s\u00e4rkides m\u00e4nginud FCI&hellip;\n","protected":false},"author":2,"featured_media":202990,"comment_status":"","ping_status":"","sticky":false,"template":"","format":"standard","meta":{"footnotes":"","_share_on_mastodon":"0"},"categories":[18],"tags":[5702,5703,37,33,35,34,36,161,1572,163,3476,58324,21895,37717,1358,12592,1725,7934,49025,8497,167,8009,1146,3053,159,158,3482,5796,698,4740,4741,4975,4206,30431,9622],"class_list":["post-202989","post","type-post","status-publish","format-standard","has-post-thumbnail","category-sport","tag-ainsalu","tag-alamaa","tag-ee","tag-eesti","tag-eesti-keel","tag-estonia","tag-estonian","tag-fc-flora","tag-fci-levadia","tag-flora","tag-joao-pedro","tag-kalmokov","tag-kivila","tag-kollo","tag-levadia","tag-liivak","tag-luup","tag-nahk","tag-nwankwo","tag-otoo","tag-premium-liiga","tag-saliste","tag-sappinen","tag-skvortsov","tag-sport","tag-sports","tag-tambedou","tag-tohver","tag-ulevaade","tag-usta","tag-vallner","tag-varjund","tag-wendell","tag-zahovaiko","tag-zenjov"],"share_on_mastodon":{"url":"https:\/\/pubeurope.com\/@ee\/116744560955405563","error":""},"_links":{"self":[{"href":"https:\/\/www.europesays.com\/ee\/wp-json\/wp\/v2\/posts\/202989","targetHints":{"allow":["GET"]}}],"collection":[{"href":"https:\/\/www.europesays.com\/ee\/wp-json\/wp\/v2\/posts"}],"about":[{"href":"https:\/\/www.europesays.com\/ee\/wp-json\/wp\/v2\/types\/post"}],"author":[{"embeddable":true,"href":"https:\/\/www.europesays.com\/ee\/wp-json\/wp\/v2\/users\/2"}],"replies":[{"embeddable":true,"href":"https:\/\/www.europesays.com\/ee\/wp-json\/wp\/v2\/comments?post=202989"}],"version-history":[{"count":0,"href":"https:\/\/www.europesays.com\/ee\/wp-json\/wp\/v2\/posts\/202989\/revisions"}],"wp:featuredmedia":[{"embeddable":true,"href":"https:\/\/www.europesays.com\/ee\/wp-json\/wp\/v2\/media\/202990"}],"wp:attachment":[{"href":"https:\/\/www.europesays.com\/ee\/wp-json\/wp\/v2\/media?parent=202989"}],"wp:term":[{"taxonomy":"category","embeddable":true,"href":"https:\/\/www.europesays.com\/ee\/wp-json\/wp\/v2\/categories?post=202989"},{"taxonomy":"post_tag","embeddable":true,"href":"https:\/\/www.europesays.com\/ee\/wp-json\/wp\/v2\/tags?post=202989"}],"curies":[{"name":"wp","href":"https:\/\/api.w.org\/{rel}","templated":true}]}}