{"id":203032,"date":"2026-06-13T21:34:26","date_gmt":"2026-06-13T21:34:26","guid":{"rendered":"https:\/\/www.europesays.com\/ee\/203032\/"},"modified":"2026-06-13T21:34:26","modified_gmt":"2026-06-13T21:34:26","slug":"paljajalu-mangima-ei-pea-inglismaa-koondis-sai-varastatud-asjad-tagasi-soccernet-ee","status":"publish","type":"post","link":"https:\/\/www.europesays.com\/ee\/203032\/","title":{"rendered":"Paljajalu m\u00e4ngima ei pea: Inglismaa koondis sai varastatud asjad tagasi &#8211; Soccernet.ee"},"content":{"rendered":"<p><img decoding=\"async\" src=\"https:\/\/www.europesays.com\/ee\/wp-content\/uploads\/2026\/06\/1763319803.jpg\" alt=\"Harry Kane ja kaaslased saavad rahus avam\u00e4nguks valmistuda. Foto: Scanpix \/ Georgi Licovski \/ EPA\"\/>&#13;\n<\/p>\n<p>Inglismaa koondiselt varastati avam\u00e4ngu eel nii palle kui ka putsasid, ent suurem osa kraamist \u00f5nnestus inglastel siiski tagasi saada.<\/p>\n<p>The Athletic vahendab Inglismaa koondisele l\u00e4hedalseisvate isikute s\u00f5nu, et eesk\u00e4tt jalgpallisaapad saadi enne kolmap\u00e4eval Horvaatia vastu peetavat avam\u00e4ngu tagasi. Kraam varastati alaliidu k\u00e4sutuses olnud ja Kansas Citysse pargitud s\u00f5idukitest, millega varustust meeskonna uude baasi toimetati.\u00a0Kansas City politse kinnitas, et on varguses kahtlustatavana pidanud kinni kaks inimest.&#13;\n<\/p>\n<p>Thomas Tucheli hoolealused veetsid turniiri eel k\u00fcmnep\u00e4evase laagri Floridas, kus m\u00e4ngiti Uus-Meremaa ja Costa Ricaga. Lisaks peeti suletud uste taga kontrollm\u00e4ng USA esiliigas palliva Miami FC-ga, kellest saadi jagu 6:0. Seej\u00e4rel sai meeskond vaba p\u00e4eva, enne kui lennati MM-i aegsesse treeningbaasi Kansas Citys.&#13;\n<\/p>\n<p>Samas linnas paiknevad turniiri ajal veel Argentina ja Hollandi meeskond. Maailmameistrid saavad kasutada linna esindusmeeskonna Sporting KC peamist treeningkeskust, hollandlased treenivad aga naiste k\u00f5rgliigav\u00f5istkonna Kansas City Current baasis.<\/p>\n<p>Inglismaa alustab finaalturniiri Eesti aja j\u00e4rgi kolmap\u00e4eva \u00f5htul Dallases Horvaatia vastu. Seej\u00e4rel m\u00e4ngitakse Foxborough&#8217;s Ghanaga ning viimases alagrupim\u00e4ngus on inglaste vastaseks Panama, kellega minnakse vastamisi New Jerseys.&#13;<\/p>\n","protected":false},"excerpt":{"rendered":"&#13; Inglismaa koondiselt varastati avam\u00e4ngu eel nii palle kui ka putsasid, ent suurem osa kraamist \u00f5nnestus inglastel siiski&hellip;\n","protected":false},"author":2,"featured_media":203033,"comment_status":"","ping_status":"","sticky":false,"template":"","format":"standard","meta":{"footnotes":"","_share_on_mastodon":"0"},"categories":[18],"tags":[37,33,35,34,36,1101,6890,159,158,7730],"class_list":["post-203032","post","type-post","status-publish","format-standard","has-post-thumbnail","category-sport","tag-ee","tag-eesti","tag-eesti-keel","tag-estonia","tag-estonian","tag-inglismaa","tag-mm2026","tag-sport","tag-sports","tag-tuchel"],"share_on_mastodon":{"url":"https:\/\/pubeurope.com\/@ee\/116744950151184564","error":""},"_links":{"self":[{"href":"https:\/\/www.europesays.com\/ee\/wp-json\/wp\/v2\/posts\/203032","targetHints":{"allow":["GET"]}}],"collection":[{"href":"https:\/\/www.europesays.com\/ee\/wp-json\/wp\/v2\/posts"}],"about":[{"href":"https:\/\/www.europesays.com\/ee\/wp-json\/wp\/v2\/types\/post"}],"author":[{"embeddable":true,"href":"https:\/\/www.europesays.com\/ee\/wp-json\/wp\/v2\/users\/2"}],"replies":[{"embeddable":true,"href":"https:\/\/www.europesays.com\/ee\/wp-json\/wp\/v2\/comments?post=203032"}],"version-history":[{"count":0,"href":"https:\/\/www.europesays.com\/ee\/wp-json\/wp\/v2\/posts\/203032\/revisions"}],"wp:featuredmedia":[{"embeddable":true,"href":"https:\/\/www.europesays.com\/ee\/wp-json\/wp\/v2\/media\/203033"}],"wp:attachment":[{"href":"https:\/\/www.europesays.com\/ee\/wp-json\/wp\/v2\/media?parent=203032"}],"wp:term":[{"taxonomy":"category","embeddable":true,"href":"https:\/\/www.europesays.com\/ee\/wp-json\/wp\/v2\/categories?post=203032"},{"taxonomy":"post_tag","embeddable":true,"href":"https:\/\/www.europesays.com\/ee\/wp-json\/wp\/v2\/tags?post=203032"}],"curies":[{"name":"wp","href":"https:\/\/api.w.org\/{rel}","templated":true}]}}