{"id":203153,"date":"2026-06-14T04:09:11","date_gmt":"2026-06-14T04:09:11","guid":{"rendered":"https:\/\/www.europesays.com\/ee\/203153\/"},"modified":"2026-06-14T04:09:11","modified_gmt":"2026-06-14T04:09:11","slug":"muusikaajakirjanik-siim-nestor-tervisearevusest-vahepeal-oli-viis-korda-aastas-tunne-et-ma-suren-kohe-ara","status":"publish","type":"post","link":"https:\/\/www.europesays.com\/ee\/203153\/","title":{"rendered":"Muusikaajakirjanik Siim Nestor tervise\u00e4revusest: vahepeal oli viis korda aastas tunne, et ma suren kohe \u00e4ra"},"content":{"rendered":"<p>14.06.2026, 05:00<\/p>\n<p><br clear=\"all\"\/> \u00a0<\/p>\n<p>\u201eRohkem kui k\u00fcmme aastat ma ei lennanud lennukiga.\u201c<\/p>\n<p>Kas saaks olla t\u00e4psemat perenime? Nestor t\u00e4hendab oma valdkonna targimat ja kogenuimat esindajat ning nomen est omen: muusikaajakirjanik ja -kriitik Siim Nestor (52) on aastak\u00fcmneid k\u00fclvanud me teadvusesse kummaliste nimedega artiste ja harinud muusikamaitsep\u00f5ldusid.<\/p>\n<p>Ja \u00fcksk\u00f5ik mis teema k\u00f5neks v\u00f5tta \u2013 \u00fcksindus, torsakad kodumasinad v\u00f5i tervise\u00e4revus n\u00e4iteks \u2013, tajutav on, et muusika seisab neist alati vaid sammu kaugusel. V\u00e4hemasti kohe nurga taga. <\/p>\n","protected":false},"excerpt":{"rendered":"14.06.2026, 05:00 \u00a0 \u201eRohkem kui k\u00fcmme aastat ma ei lennanud lennukiga.\u201c Kas saaks olla t\u00e4psemat perenime? Nestor t\u00e4hendab&hellip;\n","protected":false},"author":2,"featured_media":203154,"comment_status":"","ping_status":"","sticky":false,"template":"","format":"standard","meta":{"footnotes":"","_share_on_mastodon":"0"},"categories":[84],"tags":[37,33,35,173,34,36,14083,36739,140,215,144,39274,2424,177],"class_list":["post-203153","post","type-post","status-publish","format-standard","has-post-thumbnail","category-muusika","tag-ee","tag-eesti","tag-eesti-keel","tag-entertainment","tag-estonia","tag-estonian","tag-festival","tag-kodutehnika","tag-meelelahutus","tag-music","tag-muusika","tag-prince","tag-tartu-ulikool","tag-teater"],"share_on_mastodon":{"url":"https:\/\/pubeurope.com\/@ee\/116746503128478667","error":""},"_links":{"self":[{"href":"https:\/\/www.europesays.com\/ee\/wp-json\/wp\/v2\/posts\/203153","targetHints":{"allow":["GET"]}}],"collection":[{"href":"https:\/\/www.europesays.com\/ee\/wp-json\/wp\/v2\/posts"}],"about":[{"href":"https:\/\/www.europesays.com\/ee\/wp-json\/wp\/v2\/types\/post"}],"author":[{"embeddable":true,"href":"https:\/\/www.europesays.com\/ee\/wp-json\/wp\/v2\/users\/2"}],"replies":[{"embeddable":true,"href":"https:\/\/www.europesays.com\/ee\/wp-json\/wp\/v2\/comments?post=203153"}],"version-history":[{"count":0,"href":"https:\/\/www.europesays.com\/ee\/wp-json\/wp\/v2\/posts\/203153\/revisions"}],"wp:featuredmedia":[{"embeddable":true,"href":"https:\/\/www.europesays.com\/ee\/wp-json\/wp\/v2\/media\/203154"}],"wp:attachment":[{"href":"https:\/\/www.europesays.com\/ee\/wp-json\/wp\/v2\/media?parent=203153"}],"wp:term":[{"taxonomy":"category","embeddable":true,"href":"https:\/\/www.europesays.com\/ee\/wp-json\/wp\/v2\/categories?post=203153"},{"taxonomy":"post_tag","embeddable":true,"href":"https:\/\/www.europesays.com\/ee\/wp-json\/wp\/v2\/tags?post=203153"}],"curies":[{"name":"wp","href":"https:\/\/api.w.org\/{rel}","templated":true}]}}