{"id":203161,"date":"2026-06-14T04:26:07","date_gmt":"2026-06-14T04:26:07","guid":{"rendered":"https:\/\/www.europesays.com\/ee\/203161\/"},"modified":"2026-06-14T04:26:07","modified_gmt":"2026-06-14T04:26:07","slug":"uha-populaarsemad-kaaluravimid-voivad-vahendada-ka-soltuvust-alkoholist-ja-nikotiinist-eesti","status":"publish","type":"post","link":"https:\/\/www.europesays.com\/ee\/203161\/","title":{"rendered":"\u00dcha populaarsemad kaaluravimid v\u00f5ivad v\u00e4hendada ka s\u00f5ltuvust alkoholist ja nikotiinist | Eesti"},"content":{"rendered":"<p>Tervise Arengu Instituudi (TAI) andmetel on \u00fclekaalus \u00fcle 60 protsendi Eesti inimestest. Seda n\u00e4evad ka arstid. \u00dcldarst Anu Valkna s\u00f5nul satub tema juurde palju \u00fclekaalus v\u00f5i rasvunud patsiente \u2013 neist 10-15 protsenti saavad raviks kaalulangetusravimid.\u00a0<\/p>\n<p>&#8220;See on ka kindlasti arstist v\u00e4ga palju s\u00f5ltuv, aga mulle tundub, et ravimid on pigem t\u00f5usutrendis. Kirjutatakse ka aina julgemalt, mis iseenesest ei ole halb \u2013 teadlikkus kindlasti on t\u00f5usnud,&#8221; \u00fctles Valkna.\u00a0<\/p>\n<p>Toitumisn\u00f5ustaja Artur Minenko s\u00f5nul l\u00e4heb tema juurde sattuvatest kaalulangetajatest suur osa, 75-85 protsenti ravimite teed.\u00a0<\/p>\n<p>Taani ja USA Washingtoni \u00dclikooli teadlaste viimastest uuringutest ilmneb, et teise t\u00fc\u00fcbi diabeedi ja \u00fchtlasi kaalu langetamise ravimid nagu Ozempic, Wegovy ja Mounjaro v\u00e4hendavad lisaks \u00fcles\u00f6\u00f6misele ka teisi s\u00f5ltuvusk\u00e4itumisi. Toimeainena sisaldavad need GLP-1 agoniste. \u00dchtlasi leidsid teadlased, et kaaluravimi tarbijal on v\u00e4iksem \u0161anss \u00fcldse sattuda meelem\u00fcrkidest s\u00f5ltuvusse.\u00a0<\/p>\n<p>Seost n\u00e4eb ka doktor Valkna. &#8220;V\u00e4ga selgelt tuleb esile, et on v\u00e4hem n\u00e4ksimist ja emotsionaalset s\u00f6\u00f6mist \u2013 kontroll tuleb paremini,&#8221; m\u00e4rkis ta.&#8221;<\/p>\n<p>&#8220;Alkoholi tarbimise v\u00e4henemist olen mina v\u00e4ga paljudel n\u00e4inud. V\u00f5ib-olla ei l\u00e4he isu t\u00e4iesti \u00e4ra, aga alkoholi kogused ikkagi v\u00e4henevad,&#8221; t\u00f5des Valkna.\u00a0<\/p>\n<p>Toitumisn\u00f5ustaja Minenko t\u00e4heldab samuti, et kaaluravimeid s\u00fcstivatel patsientidel leevenevad mitmed s\u00f5ltuvusk\u00e4itumised.<\/p>\n<p>&#8220;Osa patsiente on \u00f6elnud, et ei taha enam alkoholi ning niisama ei taha emotsionaalselt ja spontaanselt n\u00e4ksida. M\u00f5ni kirjutab, et ei taha rohkem suitsetada ja ka, et uni l\u00e4heb paremaks,&#8221; r\u00e4\u00e4kis Minenko.<\/p>\n<p>&#8220;Aga see on suur t\u00f6\u00f6 ja see niisama j\u00e4rsku ei tule,&#8221; nentis ta.\u00a0<\/p>\n<p>Kaaluravimi kasutama hakkamine tuleb hoolikalt l\u00e4bi m\u00f5elda<\/p>\n<p>Kaalulangetusravimit Ozempic tuleb s\u00fcstida kord n\u00e4dalas. Neli annust ehk kuuajane doos maksab 90 euro ringis. Wegovy on kallim, 150 eurot, ning uuem Mounjaro veel kallim \u2013 180 eurot. Olenevalt patsiendist v\u00f5ib ravimi annus ajas kasvada. Tervisekassa soodustust rasvumise diagnoosiga inimene kaaluravimile ei saa, nentis doktor Valkna.\u00a0<\/p>\n<p>&#8220;Ikka on patsiente olnud, kellele ma v\u00e4ga tahaks kirjutada ja kellele ma v\u00e4ga soovitaks. Aga see t\u00f5esti j\u00e4\u00e4b hinna taha, et lihtsalt ei ole v\u00f5imalik,&#8221; t\u00f5des doktor.\u00a0<\/p>\n<p>Minenko s\u00f5nul n\u00f5uab kaaluravimile minek distsipliini \u2013 \u00fchtlasi tuleb arvestada erinevate v\u00f5imalike tagaj\u00e4rgede ja k\u00f5rvalm\u00f5judega, r\u00f5hutas ta.<\/p>\n<p>&#8220;Peab ennast ette valmistama enne visiiti minu juurde, enne ravimit \u2013 kas ma olen valmis, kas mul on kindlasti vaja seda teha. Siis tuleb koost\u00f6\u00f6 palju parem: mina ja patsient, pluss raviarst, toitumisterapeut, ehk m\u00f5nikord ka sporditreener,&#8221; s\u00f5nas Minenko.\u00a0<\/p>\n<p>Tema n\u00f5ustamisega paralleelselt tarvitavad kaaluravimeid 40-50 protsenti tema patsientidest. &#8220;See on keeruline teema \u2013 h\u00e4benetakse ning vahel tuleb see hiljem v\u00e4lja,&#8221; t\u00f5des Minenko.\u00a0<\/p>\n<p>&#8220;Samas on ka palju vapraid, kes tulevad, et neid ravimeid mitte kasutama hakata,&#8221; lisas ta.<\/p>\n<p>Doktor Valkna s\u00f5nul on kaaluravimi v\u00e4ljakirjutamise n\u00e4idustused p\u00e4ris karmid.\u00a0<\/p>\n<p>&#8220;Ma ei ole kuulnud, et lihtsalt niisama kirjutatakse v\u00e4lja, kui inimene tahaks paar kilo alla v\u00f5tta,&#8221; \u00fctles Valkna.\u00a0<\/p>\n<p>Kaaluravimitel v\u00f5ivad olla v\u00e4ga rasked k\u00f5rvaltoimeid: h\u00fcpogl\u00fckeemia, pankreatiit, kilpn\u00e4\u00e4rme probleemid, n\u00e4gemis- ja neeruh\u00e4ired, k\u00f5hulahtisus ja oksendamine ning allergia.<\/p>\n<p>&#8220;Risk ei ole seda v\u00e4\u00e4rt, kui on patsient, kes tegelikult on normaalkaalus ja ta r\u00e4\u00e4gib, et ta tahaks jube peenike olla. Sel juhul v\u00f5ib olla seal hoopis mingite teiste probleemidega tegemist,&#8221; r\u00e4\u00e4kis Valkna.\u00a0<\/p>\n<p>Samas on tema s\u00f5nul vahel ka vastupidiseid juhtumeid, kus patsient on piiri peal ja uurib, palju ta peaks kaalus juurde v\u00f5tma, et talle ravim v\u00e4lja kirjutataks.\u00a0<\/p>\n<p>&#8220;M\u00f5nes m\u00f5ttes teadlikkus sellest ravist v\u00f5i ka ohutunnetus ei ole osal inimestel p\u00e4ris paigas. Nad ei tea sellest piisavalt, et teadlikku otsust langetada,&#8221; \u00fctles Valkna.<\/p>\n<p>Pelgalt ravimist ei piisa<\/p>\n<p>Nii Minenko kui ka doktor Valkna r\u00f5hutavad, et kaalulangetusravim ei ole imerohi. Selleks, et kaal p\u00fcsiks ka p\u00e4rast ravimikuuri normis, tuleb muuta paralleelselt ka oma elustiili.<\/p>\n<p>Siiski v\u00f5tab Minenko hinnangul pisut alla kolmandiku tema patsientidest p\u00e4rast ravimit kaalus taas juurde. M\u00f5nedes uuringutes on v\u00f5tnud ka \u00fcle poole tarvitajatest p\u00e4rast kuuri l\u00f5ppu aastaga kaalus juurde, m\u00e4rkis Valkna.\u00a0<\/p>\n<p>Seega peaks k\u00e4ima kaalulangetusravimiga k\u00e4sik\u00e4es toitumisn\u00f5ustaja, r\u00f5hutasid nii Valkna kui ka Minenko \u2013 ka just p\u00e4rast ravimi kasutamise l\u00f5petamist. Praegu j\u00e4\u00e4b see aga paraku paljudele patsientidele hinna t\u00f5ttu k\u00e4ttesaamatuks, t\u00f5des Valkna.\u00a0<\/p>\n<p>&#8220;Meie toit ja elustiil ei ole k\u00f5ige soodustavamad selleks, et inimesed oleksid tervislikud. Aga see on s\u00fcsteemsem probleem. Tegelikult ei saa oodata, et perearst lahendaks \u00fcksi seda pikaajalist elustiili probleemi. Toitumise \u00f5petus peaks ikkagi tulema juba lapseeast. Ka laste seas on \u00fclekaalulisus ju t\u00f5siselt t\u00f5usnud,&#8221; r\u00e4\u00e4kis Valkna.\u00a0<\/p>\n<p>Minenko s\u00f5nul n\u00e4eb ta samuti patsientide edu, siis kui lisaks toitumisele on paigas ka f\u00fc\u00fcsiline aktiivsus ja uni.\u00a0<\/p>\n<p>&#8220;Mitte ainult teadmised v\u00f5i ainult ravim. See on terve komplekt,&#8221; lisas ta.<\/p>\n","protected":false},"excerpt":{"rendered":"Tervise Arengu Instituudi (TAI) andmetel on \u00fclekaalus \u00fcle 60 protsendi Eesti inimestest. Seda n\u00e4evad ka arstid. \u00dcldarst Anu&hellip;\n","protected":false},"author":2,"featured_media":203162,"comment_status":"","ping_status":"","sticky":false,"template":"","format":"standard","meta":{"footnotes":"","_share_on_mastodon":"0"},"categories":[12],"tags":[84006,48887,26,27,37,33,35,34,36,31,32,21,2120,3404,28,29,19,25,1217,2243,23,24,22,7926,20,30],"class_list":["post-203161","post","type-post","status-publish","format-standard","has-post-thumbnail","category-eesti","tag-anu-valkna","tag-artur-minenko","tag-breaking-news","tag-breakingnews","tag-ee","tag-eesti","tag-eesti-keel","tag-estonia","tag-estonian","tag-featured-news","tag-featurednews","tag-headlines","tag-kaalulangetus","tag-kaalulangetusravimid","tag-latest-news","tag-latestnews","tag-news","tag-populaarseimad-lood","tag-soltuvus","tag-toitumine","tag-top-stories","tag-topstories","tag-uldised-uudised","tag-ulekaal","tag-uudised","tag-viimased-uudised"],"share_on_mastodon":{"url":"https:\/\/pubeurope.com\/@ee\/116746569859009184","error":""},"_links":{"self":[{"href":"https:\/\/www.europesays.com\/ee\/wp-json\/wp\/v2\/posts\/203161","targetHints":{"allow":["GET"]}}],"collection":[{"href":"https:\/\/www.europesays.com\/ee\/wp-json\/wp\/v2\/posts"}],"about":[{"href":"https:\/\/www.europesays.com\/ee\/wp-json\/wp\/v2\/types\/post"}],"author":[{"embeddable":true,"href":"https:\/\/www.europesays.com\/ee\/wp-json\/wp\/v2\/users\/2"}],"replies":[{"embeddable":true,"href":"https:\/\/www.europesays.com\/ee\/wp-json\/wp\/v2\/comments?post=203161"}],"version-history":[{"count":0,"href":"https:\/\/www.europesays.com\/ee\/wp-json\/wp\/v2\/posts\/203161\/revisions"}],"wp:featuredmedia":[{"embeddable":true,"href":"https:\/\/www.europesays.com\/ee\/wp-json\/wp\/v2\/media\/203162"}],"wp:attachment":[{"href":"https:\/\/www.europesays.com\/ee\/wp-json\/wp\/v2\/media?parent=203161"}],"wp:term":[{"taxonomy":"category","embeddable":true,"href":"https:\/\/www.europesays.com\/ee\/wp-json\/wp\/v2\/categories?post=203161"},{"taxonomy":"post_tag","embeddable":true,"href":"https:\/\/www.europesays.com\/ee\/wp-json\/wp\/v2\/tags?post=203161"}],"curies":[{"name":"wp","href":"https:\/\/api.w.org\/{rel}","templated":true}]}}