{"id":203302,"date":"2026-06-14T08:42:12","date_gmt":"2026-06-14T08:42:12","guid":{"rendered":"https:\/\/www.europesays.com\/ee\/203302\/"},"modified":"2026-06-14T08:42:12","modified_gmt":"2026-06-14T08:42:12","slug":"eik-minu-gaudeamusel-esitatav-lugu-raagib-suurest-roomust-labi-pisarate-muusika","status":"publish","type":"post","link":"https:\/\/www.europesays.com\/ee\/203302\/","title":{"rendered":"Eik: minu Gaudeamusel esitatav lugu r\u00e4\u00e4gib suurest r\u00f5\u00f5must l\u00e4bi pisarate | Muusika"},"content":{"rendered":"<p>Muusik Eik r\u00e4\u00e4kis Vikerraadios, et t\u00e4navusel tudengite laulu- ja tantsupeol Gaudeamus k\u00f5lab tema s\u00f5nadele kirjutatud laul, mis r\u00e4\u00e4gib p\u00f5lvkondade vahelistest erimeelsustest ja suurest r\u00f5\u00f5must l\u00e4bi pisarate. Eiki s\u00f5nul j\u00e4tab ta alati oma lugudesse teiste inimeste jaoks interpreteerimisruumi ja see on kuulajate k\u00f5ige suurem v\u00f5im tema laulude \u00fcle.<\/p>\n<p>T\u00e4navu m\u00f6\u00f6dub 70 aastat esimesest \u00fcli\u00f5pilaste laulu- ja tantsupeost Gaudeamus, mis peeti Tartus. Sel suvel toimub laulu- ja tantsupidu Riias, Vabaduse v\u00e4ljaku suurtel trib\u00fc\u00fcnidel.<\/p>\n<p>&#8220;L\u00e4tlased on pannud peo pealkirjaks &#8220;L\u00f5pmatuseni&#8221;. Me tundsime, et eestlaste kava &#8220;R\u00f5\u00f5mule ruumi&#8221;, mis oli ideekavandina ammu enne teada ja valmis m\u00f5eldud, haakub v\u00e4ga h\u00e4sti l\u00e4tlaste m\u00f5ttega, sest r\u00f5\u00f5mu ruum v\u00f5ib ju olla ka l\u00f5pmatu,&#8221; \u00fctles Gaudeamuse Eesti ideemeeskonna liige Karin Salum\u00e4e.<\/p>\n<p>&#8220;Mulle pakuti v\u00f5imalust kaasa l\u00fc\u00fca ja olin kohe n\u00f5us,&#8221; s\u00f5nas muusik Eik.<\/p>\n<p>Salum\u00e4e t\u00f5i v\u00e4lja, et ideekavandit kokku pannes oli tiimil m\u00f5te, et t\u00e4nase p\u00e4eva noorte vaimse ruumi m\u00f5testaja v\u00f5iks olla kaasatud. &#8220;M\u00f5tted liikusid just Eiki peale,&#8221; t\u00f5i Salum\u00e4e v\u00e4lja.<\/p>\n<p>Selgus, et Eikil oli sobiv laul juba valmis. &#8220;Pala oli selleks hetkeks demona valmis. Lugu r\u00e4\u00e4gib p\u00f5lvkondade vahelistest erimeelsustest. R\u00f5\u00f5must, et oleme saanud kasvada \u00fcles vabas Eestis ja kui habras asi vabadus ja enesekehtestamise v\u00f5imalus on. Et v\u00f5idki \u00f6elda otse, nii nagu tahad. Sageli r\u00f5\u00f5m l\u00e4bi pisarate, aga ikkagi suur r\u00f5\u00f5m,&#8221; avas Eik loo tausta.<\/p>\n<p>S\u00f5nad kirjutas Eik, loo heliloojad on Mattias Tirmaste ja Rein Fuks. &#8220;Koos me seda lugu esitama l\u00e4hme, meiega on laval veel basskitarril Taali Lehtla,&#8221; lisas Eik. &#8220;See on suur rokilugu.&#8221;<\/p>\n<p>Eiki s\u00f5nul tulevad tal lugude s\u00f5nad kuskilt v\u00e4ljastpoolt. &#8220;Interpreteerin lihtsalt seda, mis \u00fcmberringi toimub ja mis on minu jaoks \u00fcsna isiklik. Siis kuulen, kuidas m\u00f5ni \u00fctleb, et see laul p\u00e4\u00e4stis mu elu, ait\u00e4h, et sa just nendest asjadest r\u00e4\u00e4gid. Ma ise m\u00f5tlen siis, et ma v\u00f5ib-olla t\u00e4pselt nendest asjadest ei r\u00e4\u00e4kinud. J\u00e4tan alati oma lugudesse teistele inimestele interpreteerimisruumi ja see on nende k\u00f5ige suurem v\u00f5im minu laulude \u00fcle,&#8221; t\u00f5des Eik.<\/p>\n<p>&#8220;Trad.Attacki! lugu &#8220;Tehke ruumi&#8221; k\u00f5lab peol samuti ja see oli mingis m\u00f5ttes selle kava idee \u00fcks k\u00e4ivitaja, ruumi kui avaruse ja m\u00f5\u00f5tmatu v\u00f5imaluse ideestamine l\u00e4bi r\u00f5\u00f5mu,&#8221; nentis Salum\u00e4e.<\/p>\n<p><img decoding=\"async\" data-photo-id=\"3659182\" src=\"https:\/\/www.europesays.com\/ee\/wp-content\/uploads\/2026\/06\/3659182h3fd2t24.jpg\"\/>Eik ja Karin Salum\u00e4e Autor\/allikas: Liis Seljamaa\/ERR<\/p>\n","protected":false},"excerpt":{"rendered":"Muusik Eik r\u00e4\u00e4kis Vikerraadios, et t\u00e4navusel tudengite laulu- ja tantsupeol Gaudeamus k\u00f5lab tema s\u00f5nadele kirjutatud laul, mis r\u00e4\u00e4gib&hellip;\n","protected":false},"author":2,"featured_media":203303,"comment_status":"","ping_status":"","sticky":false,"template":"","format":"standard","meta":{"footnotes":"","_share_on_mastodon":"0"},"categories":[5],"tags":[26,27,37,33,35,4685,34,36,31,32,84021,21,84020,28,29,19,25,84022,23,24,22,20,30],"class_list":["post-203302","post","type-post","status-publish","format-standard","has-post-thumbnail","category-uldised-uudised","tag-breaking-news","tag-breakingnews","tag-ee","tag-eesti","tag-eesti-keel","tag-eik","tag-estonia","tag-estonian","tag-featured-news","tag-featurednews","tag-gaudeamus","tag-headlines","tag-karin-salumae","tag-latest-news","tag-latestnews","tag-news","tag-populaarseimad-lood","tag-roomule-ruumi","tag-top-stories","tag-topstories","tag-uldised-uudised","tag-uudised","tag-viimased-uudised"],"share_on_mastodon":{"url":"https:\/\/pubeurope.com\/@ee\/116747576920015018","error":""},"_links":{"self":[{"href":"https:\/\/www.europesays.com\/ee\/wp-json\/wp\/v2\/posts\/203302","targetHints":{"allow":["GET"]}}],"collection":[{"href":"https:\/\/www.europesays.com\/ee\/wp-json\/wp\/v2\/posts"}],"about":[{"href":"https:\/\/www.europesays.com\/ee\/wp-json\/wp\/v2\/types\/post"}],"author":[{"embeddable":true,"href":"https:\/\/www.europesays.com\/ee\/wp-json\/wp\/v2\/users\/2"}],"replies":[{"embeddable":true,"href":"https:\/\/www.europesays.com\/ee\/wp-json\/wp\/v2\/comments?post=203302"}],"version-history":[{"count":0,"href":"https:\/\/www.europesays.com\/ee\/wp-json\/wp\/v2\/posts\/203302\/revisions"}],"wp:featuredmedia":[{"embeddable":true,"href":"https:\/\/www.europesays.com\/ee\/wp-json\/wp\/v2\/media\/203303"}],"wp:attachment":[{"href":"https:\/\/www.europesays.com\/ee\/wp-json\/wp\/v2\/media?parent=203302"}],"wp:term":[{"taxonomy":"category","embeddable":true,"href":"https:\/\/www.europesays.com\/ee\/wp-json\/wp\/v2\/categories?post=203302"},{"taxonomy":"post_tag","embeddable":true,"href":"https:\/\/www.europesays.com\/ee\/wp-json\/wp\/v2\/tags?post=203302"}],"curies":[{"name":"wp","href":"https:\/\/api.w.org\/{rel}","templated":true}]}}