{"id":203322,"date":"2026-06-14T09:02:15","date_gmt":"2026-06-14T09:02:15","guid":{"rendered":"https:\/\/www.europesays.com\/ee\/203322\/"},"modified":"2026-06-14T09:02:15","modified_gmt":"2026-06-14T09:02:15","slug":"inimlik-eksitus-lasteaias-viis-iga-lapsevanema-suurima-oudusunenaoni","status":"publish","type":"post","link":"https:\/\/www.europesays.com\/ee\/203322\/","title":{"rendered":"Inimlik eksitus lasteaias viis iga lapsevanema suurima \u00f5udusunen\u00e4oni"},"content":{"rendered":"<p>\u00abTelefon helises umbes kell 14.20. \u00d5petajal l\u00e4ks jupp aega, et mulle \u00fcldse juhtunut selgitada, aga l\u00f5puks selgus, et keegi oli Rosiele j\u00e4rele tulnud ja nad alles selgitavad asjaolusid,\u00bb r\u00e4\u00e4kis Jody. \u00abNad k\u00fcll lisasid kohe, et laps on juba turvaliselt lasteaias tagasi, kuid mul l\u00e4ks silme ees k\u00f5ik uduseks. Sain paanikahoo ja pidin end rahustama, et autole h\u00e4\u00e4led sisse panna ja lapsele j\u00e4rele tormata.\u00bb<\/p>\n","protected":false},"excerpt":{"rendered":"\u00abTelefon helises umbes kell 14.20. \u00d5petajal l\u00e4ks jupp aega, et mulle \u00fcldse juhtunut selgitada, aga l\u00f5puks selgus, et&hellip;\n","protected":false},"author":2,"featured_media":203323,"comment_status":"","ping_status":"","sticky":false,"template":"","format":"standard","meta":{"footnotes":"","_share_on_mastodon":"0"},"categories":[80],"tags":[26,27,37,33,35,67,34,36,31,32,21,28,29,95,4988,19,25,998,4989,2928,23,24,22,20,30,92,93,94],"class_list":["post-203322","post","type-post","status-publish","format-standard","has-post-thumbnail","category-maailm","tag-breaking-news","tag-breakingnews","tag-ee","tag-eesti","tag-eesti-keel","tag-elustiil","tag-estonia","tag-estonian","tag-featured-news","tag-featurednews","tag-headlines","tag-latest-news","tag-latestnews","tag-maailm","tag-moeuudised","tag-news","tag-populaarseimad-lood","tag-sobranna","tag-soovitused","tag-suhted","tag-top-stories","tag-topstories","tag-uldised-uudised","tag-uudised","tag-viimased-uudised","tag-world","tag-world-news","tag-worldnews"],"share_on_mastodon":{"url":"https:\/\/pubeurope.com\/@ee\/116747655086415125","error":""},"_links":{"self":[{"href":"https:\/\/www.europesays.com\/ee\/wp-json\/wp\/v2\/posts\/203322","targetHints":{"allow":["GET"]}}],"collection":[{"href":"https:\/\/www.europesays.com\/ee\/wp-json\/wp\/v2\/posts"}],"about":[{"href":"https:\/\/www.europesays.com\/ee\/wp-json\/wp\/v2\/types\/post"}],"author":[{"embeddable":true,"href":"https:\/\/www.europesays.com\/ee\/wp-json\/wp\/v2\/users\/2"}],"replies":[{"embeddable":true,"href":"https:\/\/www.europesays.com\/ee\/wp-json\/wp\/v2\/comments?post=203322"}],"version-history":[{"count":0,"href":"https:\/\/www.europesays.com\/ee\/wp-json\/wp\/v2\/posts\/203322\/revisions"}],"wp:featuredmedia":[{"embeddable":true,"href":"https:\/\/www.europesays.com\/ee\/wp-json\/wp\/v2\/media\/203323"}],"wp:attachment":[{"href":"https:\/\/www.europesays.com\/ee\/wp-json\/wp\/v2\/media?parent=203322"}],"wp:term":[{"taxonomy":"category","embeddable":true,"href":"https:\/\/www.europesays.com\/ee\/wp-json\/wp\/v2\/categories?post=203322"},{"taxonomy":"post_tag","embeddable":true,"href":"https:\/\/www.europesays.com\/ee\/wp-json\/wp\/v2\/tags?post=203322"}],"curies":[{"name":"wp","href":"https:\/\/api.w.org\/{rel}","templated":true}]}}