{"id":203402,"date":"2026-06-14T10:32:14","date_gmt":"2026-06-14T10:32:14","guid":{"rendered":"https:\/\/www.europesays.com\/ee\/203402\/"},"modified":"2026-06-14T10:32:14","modified_gmt":"2026-06-14T10:32:14","slug":"hairekeskus-otsib-voimalust-videokonede-kasutusele-votuks-eesti","status":"publish","type":"post","link":"https:\/\/www.europesays.com\/ee\/203402\/","title":{"rendered":"H\u00e4irekeskus otsib v\u00f5imalust videok\u00f5nede kasutusele v\u00f5tuks | Eesti"},"content":{"rendered":"<p>H\u00e4irekeskus tahaks kasutusele v\u00f5tta videok\u00f5ned, kus p\u00e4\u00e4stekorraldaja n\u00e4eks abivajajat ja s\u00fcndmuskohta ning helistaja ka p\u00e4\u00e4stekorraldajat, kuid tehnoloogiafirmad pakuvad vaid \u00fchepoolse videok\u00f5ne v\u00f5imalust. Siseministeeriumi s\u00f5nul otsitakse lahendusi, et tulevikus kahepoolse videok\u00f5ne v\u00f5imalus siiski tekiks.<\/p>\n<p>T\u00e4na saab h\u00e4irekeskusega \u00fchendust tavalise telefonik\u00f5ne v\u00f5i sms-i teel. Kui seda saaks teha ka video teel, aitaks see anda kiiremat ja t\u00e4psemat abi, aga teeks selle ka lihtsamaks. Video v\u00f5ib aidata n\u00e4iteks kuulmis- v\u00f5i k\u00f5neraskuste puhul v\u00f5i l\u00e4hisuhtev\u00e4givalla juhtumite korral.<\/p>\n<p>&#8220;Et inimesel oleks see vaikeseadetes, et see tema jaoks midagi ekstra sellist rakenduse laadimist ei t\u00e4hendaks, vaid ta saab kohe valida videok\u00f5ne ja meie saame videoga ka vastata, nii et p\u00e4\u00e4stekorraldaja n\u00e4eb abivajajat ja s\u00fcndmuskohta,&#8221; selgitas h\u00e4irekeskuse sotsiaalvaldkonna ekspert Sirli Seegar.<\/p>\n<p>Tema s\u00f5nul on Euroopa Liidu n\u00f5ue, et videolahendust tuleb pakkuda kahepoolselt. H\u00e4irekeskus on kahepoolseks videok\u00f5neks valmis, kuid tehnoloogiafirmad Google Android ja Apple v\u00f5imaldavad praegu ainult \u00fchepoolse videok\u00f5ne pidamist.<\/p>\n<p>&#8220;Nemad pakuvad sellist lahendust, et meie n\u00e4eksime ainult s\u00fcndmuskohta, aga siis abivajaja ei n\u00e4e p\u00e4\u00e4stekorraldajat. Peame vaatama ja otsustama, mis suunas me edasi l\u00e4heme, et me saaks pakkuda inimese jaoks just seda terviklahendust, mitte poolikut,&#8221; \u00fctles Seegar.<\/p>\n<p>Asja teeb keerulisemaks, et tehnoloogiafirmadel ei ole kohustust kahepoolset lahendust pakkuda. Tehnoloogiafirmadega peab l\u00e4bir\u00e4\u00e4kimisi siseministeerium.<\/p>\n<p>Siseministeeriumi elanikkonnakaitse osakonna juhi Hedi Arukase s\u00f5nul on v\u00f5imatu prognoosida, millal kahepoolne videolahendus tulla v\u00f5iks.<\/p>\n<p>&#8220;Me j\u00e4tkame nende lahenduste otsimist kogu aeg. T\u00e4psemalt siis vaatamegi otsa sellele, et kuidas ja milliste tehnoloogiliste lahendustega me saaksime Eestis tulevikus kasutusele v\u00f5tta selle kahepoolse videok\u00f5ne. Seal on tehnoloogilised takistused, mille \u00fcletamiseks me koost\u00f6\u00f6d teeme,&#8221; \u00fctles Arukase.<\/p>\n<p>Tema s\u00f5nul tegeletakse h\u00e4daabinumbri 112 ligip\u00e4\u00e4setavusega pidevalt ja videok\u00f5nest realistlikum on praegu arendatav p\u00e4\u00e4stekorraldajaga reaalajas teksti vahetamise v\u00f5imalus. See plaanitakse valmis saada aasta l\u00f5puks.<\/p>\n<p>&#8220;See t\u00e4hendab seda, et inimene, kui ta helistab 112, siis ta muuhulgas saab samal ajal ka kirjutada ja see ei t\u00e4henda mitte nagu me oleme harjunud s\u00f5numitega v\u00f5i telefonidega s\u00f5numeid saatma, et kirjutad kogu selle s\u00f5numi valmis ja n\u00e4iteks kogu abivajaduse valmis ja siis edastad selle h\u00e4irekeskusesse, vaid vastupidi. K\u00f5ik need t\u00e4hem\u00e4rgid ilmuvad t\u00e4pselt samal ajal p\u00e4\u00e4stekorraldaja ekraanile, mida siis see abivajaja parasjagu sisestab,&#8221; kirjeldas Arukase.<\/p>\n","protected":false},"excerpt":{"rendered":"H\u00e4irekeskus tahaks kasutusele v\u00f5tta videok\u00f5ned, kus p\u00e4\u00e4stekorraldaja n\u00e4eks abivajajat ja s\u00fcndmuskohta ning helistaja ka p\u00e4\u00e4stekorraldajat, kuid tehnoloogiafirmad pakuvad&hellip;\n","protected":false},"author":2,"featured_media":203403,"comment_status":"","ping_status":"","sticky":false,"template":"","format":"standard","meta":{"footnotes":"","_share_on_mastodon":"0"},"categories":[12],"tags":[36343,26,27,37,33,35,34,36,31,32,3933,21,84027,28,29,19,25,84028,23,24,22,20,84026,30],"class_list":["post-203402","post","type-post","status-publish","format-standard","has-post-thumbnail","category-eesti","tag-36343","tag-breaking-news","tag-breakingnews","tag-ee","tag-eesti","tag-eesti-keel","tag-estonia","tag-estonian","tag-featured-news","tag-featurednews","tag-hairekeskus","tag-headlines","tag-hedi-arukase","tag-latest-news","tag-latestnews","tag-news","tag-populaarseimad-lood","tag-sirli-seegar","tag-top-stories","tag-topstories","tag-uldised-uudised","tag-uudised","tag-videokone","tag-viimased-uudised"],"share_on_mastodon":{"url":"https:\/\/pubeurope.com\/@ee\/116748009125945470","error":""},"_links":{"self":[{"href":"https:\/\/www.europesays.com\/ee\/wp-json\/wp\/v2\/posts\/203402","targetHints":{"allow":["GET"]}}],"collection":[{"href":"https:\/\/www.europesays.com\/ee\/wp-json\/wp\/v2\/posts"}],"about":[{"href":"https:\/\/www.europesays.com\/ee\/wp-json\/wp\/v2\/types\/post"}],"author":[{"embeddable":true,"href":"https:\/\/www.europesays.com\/ee\/wp-json\/wp\/v2\/users\/2"}],"replies":[{"embeddable":true,"href":"https:\/\/www.europesays.com\/ee\/wp-json\/wp\/v2\/comments?post=203402"}],"version-history":[{"count":0,"href":"https:\/\/www.europesays.com\/ee\/wp-json\/wp\/v2\/posts\/203402\/revisions"}],"wp:featuredmedia":[{"embeddable":true,"href":"https:\/\/www.europesays.com\/ee\/wp-json\/wp\/v2\/media\/203403"}],"wp:attachment":[{"href":"https:\/\/www.europesays.com\/ee\/wp-json\/wp\/v2\/media?parent=203402"}],"wp:term":[{"taxonomy":"category","embeddable":true,"href":"https:\/\/www.europesays.com\/ee\/wp-json\/wp\/v2\/categories?post=203402"},{"taxonomy":"post_tag","embeddable":true,"href":"https:\/\/www.europesays.com\/ee\/wp-json\/wp\/v2\/tags?post=203402"}],"curies":[{"name":"wp","href":"https:\/\/api.w.org\/{rel}","templated":true}]}}