{"id":203448,"date":"2026-06-14T11:37:07","date_gmt":"2026-06-14T11:37:07","guid":{"rendered":"https:\/\/www.europesays.com\/ee\/203448\/"},"modified":"2026-06-14T11:37:07","modified_gmt":"2026-06-14T11:37:07","slug":"trumpi-diil-ohus-hezbollah-pommitas-iisraeli-ja-iisrael-omakorda-beirutit-oodatakse-iraani-reaktsiooni","status":"publish","type":"post","link":"https:\/\/www.europesays.com\/ee\/203448\/","title":{"rendered":"Trumpi diil ohus? Hezbollah pommitas Iisraeli ja Iisrael omakorda Beirutit, oodatakse Iraani reaktsiooni"},"content":{"rendered":"<p>Kuna eelmisel korral ehk n\u00e4dal varem reageeris Hezbollahi toetaja <a rel=\"noopener nofollow\" target=\"_blank\" href=\"https:\/\/www.delfi.ee\/teema\/24129493\/iraan\" tag-id=\"24129493\">Iraan<\/a> Beiruti pommitamisele raketil\u00f6\u00f6kidega Iisraeli vastu, tekib k\u00fcsimus, kas s\u00f5jategevuse j\u00e4tkumine pidurdab ka USA-Iraani rahulepingu s\u00f5lmimist. Iraani n\u00f5udmisel peaks rahukokkuleppe alla kuulumine ka Iisraeli s\u00f5jategevuse peatamine Liibanonis, millega USA on sealsete valitsusallikate teatel n\u00f5ustunud.<\/p>\n<p><a href=\"http:\/\/www.delfi.ee\/artikkel\/120590740\/trumpi-sonul-solmitakse-rahulepe-iraaniga-juba-tana-iraani-sonul-laheb-veel-pisut-aega#dalrel-in-article\" class=\"content-embedded-articles-single__embedded-article\" data-v-469265ed=\"\" rel=\"nofollow noopener\" target=\"_blank\"><\/p>\n<p> 14.06.2026 <\/p>\n<p> Trumpi s\u00f5nul s\u00f5lmitakse rahulepe Iraaniga juba t\u00e4na. Iraani s\u00f5nul l\u00e4heb veel pisut aega  (102) <\/p>\n<p><\/a><\/p>\n<p>P\u00fchap\u00e4eva hommikul tulistas Hezbollah kaks drooni P\u00f5hja-Iisraelis asuvasse militariseeritud tsooni, kuid \u00fckski s\u00f5dur viga ei saanud. Seej\u00e4rel andis Iisrael 29 Liibanoni l\u00f5unaosa asulale korralduse \u201esundevakueerimiseks,\u201c \u00e4hvardades neid pommitada.<\/p>\n<p>P\u00e4rastl\u00f5unal tulistas Hezbollah Iisraeli p\u00f5hjaosa suunas v\u00e4lja veel kolm l\u00f5hkekeha. Veidi p\u00e4rast seda andis Iisrael \u00f5hul\u00f6\u00f6gi Beirutis Dahiyeh\u00b4 linnaosas asuva kortermaja vastu, mille \u00fcks korteritest h\u00e4vis t\u00e4ielikult. Iisraeli armee s\u00f5nul oli tegu t\u00e4ppisl\u00f6\u00f6giga, mille sihtm\u00e4rgiks oli \u00fcks Hezbollahi juhtimispunktidest. Liibanoni riigimeedia teatel sai v\u00e4hemalt \u00fcks inimene surma ja neli vigastada.<\/p>\n<p>Iisraeli peaminister Benjamin Netanyahu ja kaitseminister Israel Katz \u00fctlesid \u00fchisavalduses, et ei kavatse Iisraeli territooriumi vastu suunatud r\u00fcnnakuid sallida.<\/p>\n<p>Samal ajal teatas Hezbollah, et tulistas p\u00fchap\u00e4eval ka Liibanoni l\u00f5unaosas tegutseva Iisraeli suurt\u00fckipatarei pihta.<\/p>\n<p>Kuidas see lugu Sind end tundma pani? Saada <a href=\"https:\/\/www.delfi.ee\/artikkel\/120590791\/trumpi-diil-ohus-hezbollah-pommitas-iisraeli-ja-iisrael-omakorda-beirutit-oodatakse-iraani-reaktsiooni\/kommentaarid\" class=\"article-body-bottom__comment article-body-bottom__comment--write button button--primary button--size-auto\" rel=\"nofollow noopener\" target=\"_blank\"> Kommenteeri <\/a><a href=\"https:\/\/www.delfi.ee\/artikkel\/120590791\/trumpi-diil-ohus-hezbollah-pommitas-iisraeli-ja-iisrael-omakorda-beirutit-oodatakse-iraani-reaktsiooni\/kommentaarid\" class=\"article-body-bottom__comment article-body-bottom__comment--read button button--size-auto\" rel=\"nofollow noopener\" target=\"_blank\"> Loe kommentaare (13)<\/a><\/p>\n","protected":false},"excerpt":{"rendered":"Kuna eelmisel korral ehk n\u00e4dal varem reageeris Hezbollahi toetaja Iraan Beiruti pommitamisele raketil\u00f6\u00f6kidega Iisraeli vastu, tekib k\u00fcsimus, kas&hellip;\n","protected":false},"author":2,"featured_media":203449,"comment_status":"","ping_status":"","sticky":false,"template":"","format":"standard","meta":{"footnotes":"","_share_on_mastodon":"0"},"categories":[80],"tags":[26,27,37,33,35,34,36,31,32,21,969,619,1925,55505,28,29,95,19,25,23,24,22,20,30,92,93,94],"class_list":["post-203448","post","type-post","status-publish","format-standard","has-post-thumbnail","category-maailm","tag-breaking-news","tag-breakingnews","tag-ee","tag-eesti","tag-eesti-keel","tag-estonia","tag-estonian","tag-featured-news","tag-featurednews","tag-headlines","tag-hezbollah","tag-iisrael","tag-iraan","tag-lahis-ida-soda","tag-latest-news","tag-latestnews","tag-maailm","tag-news","tag-populaarseimad-lood","tag-top-stories","tag-topstories","tag-uldised-uudised","tag-uudised","tag-viimased-uudised","tag-world","tag-world-news","tag-worldnews"],"share_on_mastodon":{"url":"https:\/\/pubeurope.com\/@ee\/116748264864423442","error":""},"_links":{"self":[{"href":"https:\/\/www.europesays.com\/ee\/wp-json\/wp\/v2\/posts\/203448","targetHints":{"allow":["GET"]}}],"collection":[{"href":"https:\/\/www.europesays.com\/ee\/wp-json\/wp\/v2\/posts"}],"about":[{"href":"https:\/\/www.europesays.com\/ee\/wp-json\/wp\/v2\/types\/post"}],"author":[{"embeddable":true,"href":"https:\/\/www.europesays.com\/ee\/wp-json\/wp\/v2\/users\/2"}],"replies":[{"embeddable":true,"href":"https:\/\/www.europesays.com\/ee\/wp-json\/wp\/v2\/comments?post=203448"}],"version-history":[{"count":0,"href":"https:\/\/www.europesays.com\/ee\/wp-json\/wp\/v2\/posts\/203448\/revisions"}],"wp:featuredmedia":[{"embeddable":true,"href":"https:\/\/www.europesays.com\/ee\/wp-json\/wp\/v2\/media\/203449"}],"wp:attachment":[{"href":"https:\/\/www.europesays.com\/ee\/wp-json\/wp\/v2\/media?parent=203448"}],"wp:term":[{"taxonomy":"category","embeddable":true,"href":"https:\/\/www.europesays.com\/ee\/wp-json\/wp\/v2\/categories?post=203448"},{"taxonomy":"post_tag","embeddable":true,"href":"https:\/\/www.europesays.com\/ee\/wp-json\/wp\/v2\/tags?post=203448"}],"curies":[{"name":"wp","href":"https:\/\/api.w.org\/{rel}","templated":true}]}}