{"id":203460,"date":"2026-06-14T11:50:11","date_gmt":"2026-06-14T11:50:11","guid":{"rendered":"https:\/\/www.europesays.com\/ee\/203460\/"},"modified":"2026-06-14T11:50:11","modified_gmt":"2026-06-14T11:50:11","slug":"burgerikettide-keeruline-aasta-kolmest-suurest-jai-kasumisse-vaid-uks","status":"publish","type":"post","link":"https:\/\/www.europesays.com\/ee\/203460\/","title":{"rendered":"Burgerikettide keeruline aasta: kolmest suurest j\u00e4i kasumisse vaid \u00fcks"},"content":{"rendered":"<p><img decoding=\"async\" src=\"https:\/\/www.europesays.com\/ee\/wp-content\/uploads\/2026\/06\/90d41c87-8b6a-4ea8-9e04-f2aa9ba1fb96.jpg\" loading=\"lazy\" alt=\"Kiirtoidukettidel ei olnud mullu hea aasta.\"\/><\/p>\n<p>Kiirtoidukettidel ei olnud mullu hea aasta.<\/p>\n<p>FOTO: Delfi Meedia<\/p>\n<p>Eesti kolme suurima burgeriketi 2025. aasta majandusaruannetest j\u00e4reldub, et keeruline majanduskeskkond ja tooraine hinnat\u00f5us j\u00e4tsid sektorile oma j\u00e4lje. Kui McDonald\u2019s suutis ainsana n\u00e4idata puhaskasumit ja k\u00e4ivet kasvatada, siis Hesburger ja Tallinki hallatav Burger King j\u00e4id miinusesse.<\/p>\n","protected":false},"excerpt":{"rendered":"Kiirtoidukettidel ei olnud mullu hea aasta. FOTO: Delfi Meedia Eesti kolme suurima burgeriketi 2025. aasta majandusaruannetest j\u00e4reldub, et&hellip;\n","protected":false},"author":2,"featured_media":203461,"comment_status":"","ping_status":"","sticky":false,"template":"","format":"standard","meta":{"footnotes":"","_share_on_mastodon":"0"},"categories":[5],"tags":[26,27,84034,37,33,35,34,36,31,32,21,34983,41172,28,29,14016,5031,19,25,23,24,22,20,30],"class_list":["post-203460","post","type-post","status-publish","format-standard","has-post-thumbnail","category-uldised-uudised","tag-breaking-news","tag-breakingnews","tag-burger-king","tag-ee","tag-eesti","tag-eesti-keel","tag-estonia","tag-estonian","tag-featured-news","tag-featurednews","tag-headlines","tag-hesburger","tag-kiirtoit","tag-latest-news","tag-latestnews","tag-majandustulemused","tag-mcdonalds","tag-news","tag-populaarseimad-lood","tag-top-stories","tag-topstories","tag-uldised-uudised","tag-uudised","tag-viimased-uudised"],"share_on_mastodon":{"url":"https:\/\/pubeurope.com\/@ee\/116748315918817941","error":""},"_links":{"self":[{"href":"https:\/\/www.europesays.com\/ee\/wp-json\/wp\/v2\/posts\/203460","targetHints":{"allow":["GET"]}}],"collection":[{"href":"https:\/\/www.europesays.com\/ee\/wp-json\/wp\/v2\/posts"}],"about":[{"href":"https:\/\/www.europesays.com\/ee\/wp-json\/wp\/v2\/types\/post"}],"author":[{"embeddable":true,"href":"https:\/\/www.europesays.com\/ee\/wp-json\/wp\/v2\/users\/2"}],"replies":[{"embeddable":true,"href":"https:\/\/www.europesays.com\/ee\/wp-json\/wp\/v2\/comments?post=203460"}],"version-history":[{"count":0,"href":"https:\/\/www.europesays.com\/ee\/wp-json\/wp\/v2\/posts\/203460\/revisions"}],"wp:featuredmedia":[{"embeddable":true,"href":"https:\/\/www.europesays.com\/ee\/wp-json\/wp\/v2\/media\/203461"}],"wp:attachment":[{"href":"https:\/\/www.europesays.com\/ee\/wp-json\/wp\/v2\/media?parent=203460"}],"wp:term":[{"taxonomy":"category","embeddable":true,"href":"https:\/\/www.europesays.com\/ee\/wp-json\/wp\/v2\/categories?post=203460"},{"taxonomy":"post_tag","embeddable":true,"href":"https:\/\/www.europesays.com\/ee\/wp-json\/wp\/v2\/tags?post=203460"}],"curies":[{"name":"wp","href":"https:\/\/api.w.org\/{rel}","templated":true}]}}