{"id":203475,"date":"2026-06-14T12:08:08","date_gmt":"2026-06-14T12:08:08","guid":{"rendered":"https:\/\/www.europesays.com\/ee\/203475\/"},"modified":"2026-06-14T12:08:08","modified_gmt":"2026-06-14T12:08:08","slug":"fia-president-wrc-tulevik-selgub-kolme-nadala-jooksul-loodame-viiele-autotootjale-postimees-sport","status":"publish","type":"post","link":"https:\/\/www.europesays.com\/ee\/203475\/","title":{"rendered":"FIA president: WRC tulevik selgub kolme n\u00e4dala jooksul, loodame viiele autotootjale &#8211; Postimees Sport"},"content":{"rendered":"<ol>\n<li><a href=\"https:\/\/news.google.com\/rss\/articles\/CBMitwFBVV95cUxNM3Znc0FQa1FyTjBlNHp0QTdjLTd5YWhjd0JQemticTBjcS1taXc1cjhWMmhmcXZpYkhITVh3bUhKaXNzQjRQYlNUVlBEWkVtOGlFeEVWaGNIemF5bFhoN3E0cWI5X0tOc2tsazZwMVlFcG1tSDdCVWdrelRZZ0VPcUxHaVlDV2lLcmhDNEZzMzVaQWxkSFJVdHlvXzJ3WV9ZSkx2TEt5cElpVndqdklUdy0wOEZNV2s?oc=5\" target=\"_blank\" rel=\"nofollow noopener\">FIA president: WRC tulevik selgub kolme n\u00e4dala jooksul, loodame viiele autotootjale<\/a>&nbsp;&nbsp;Postimees Sport<\/li>\n<li><a href=\"https:\/\/news.google.com\/rss\/articles\/CBMitwFBVV95cUxORk5raU93aFhxaEladnk4NHNtVHRaQkZrQTJVNXVFRnMwZTZwTFQ3dG42NGpPazBGNF9RVWJiSlpwdGhSVWtlYUFHWlhxNGtaRWpLUHVHVWtib3VyQ056dExadDNSRlkzTDY1d0VjUjBNM28zc0JZM0RFd3hNMnU5UWFIRW42WXh3NlZ1ckdNZGdpQmdZUmZYX1JOUURPRW5FT3pZRmpnQXJ4WjhvY202MDBUN1ZkRGM?oc=5\" target=\"_blank\" rel=\"nofollow noopener\">FIA president lubab, et WRC uus promootor selgub kolme n\u00e4dalaga v\u00f5i v\u00f5tab ainuisikuliselt vastutuse<\/a>&nbsp;&nbsp;&#8211; Ralli.ee<\/li>\n<li><a href=\"https:\/\/news.google.com\/rss\/articles\/CBMiP0FVX3lxTE9qRDlSdDJrTTJKTUdYQnJINnM4cHd3Q29zT3IwUU1rUm02YWw5RUJlTVJBaVZlSWh2WjdtTF9ndw?oc=5\" target=\"_blank\" rel=\"nofollow noopener\">FIA president Mohammed Ben Sulayem_ autoralli MM-sarja tulevik saab kolme n\u00e4dala jooksul selgeks<\/a>&nbsp;&nbsp;Uudis.net<\/li>\n<\/ol>\n","protected":false},"excerpt":{"rendered":"FIA president: WRC tulevik selgub kolme n\u00e4dala jooksul, loodame viiele autotootjale&nbsp;&nbsp;Postimees Sport FIA president lubab, et WRC uus&hellip;\n","protected":false},"author":2,"featured_media":203476,"comment_status":"","ping_status":"","sticky":false,"template":"","format":"standard","meta":{"footnotes":"","_share_on_mastodon":"0"},"categories":[18],"tags":[37,33,35,34,36,31806,159,158,1192,32591,12728],"class_list":["post-203475","post","type-post","status-publish","format-standard","has-post-thumbnail","category-sport","tag-ee","tag-eesti","tag-eesti-keel","tag-estonia","tag-estonian","tag-mohammed-ben-sulayem","tag-sport","tag-sports","tag-wrc","tag-wrc-promootor","tag-wrc27"],"share_on_mastodon":{"url":"https:\/\/pubeurope.com\/@ee\/116748386607488188","error":""},"_links":{"self":[{"href":"https:\/\/www.europesays.com\/ee\/wp-json\/wp\/v2\/posts\/203475","targetHints":{"allow":["GET"]}}],"collection":[{"href":"https:\/\/www.europesays.com\/ee\/wp-json\/wp\/v2\/posts"}],"about":[{"href":"https:\/\/www.europesays.com\/ee\/wp-json\/wp\/v2\/types\/post"}],"author":[{"embeddable":true,"href":"https:\/\/www.europesays.com\/ee\/wp-json\/wp\/v2\/users\/2"}],"replies":[{"embeddable":true,"href":"https:\/\/www.europesays.com\/ee\/wp-json\/wp\/v2\/comments?post=203475"}],"version-history":[{"count":0,"href":"https:\/\/www.europesays.com\/ee\/wp-json\/wp\/v2\/posts\/203475\/revisions"}],"wp:featuredmedia":[{"embeddable":true,"href":"https:\/\/www.europesays.com\/ee\/wp-json\/wp\/v2\/media\/203476"}],"wp:attachment":[{"href":"https:\/\/www.europesays.com\/ee\/wp-json\/wp\/v2\/media?parent=203475"}],"wp:term":[{"taxonomy":"category","embeddable":true,"href":"https:\/\/www.europesays.com\/ee\/wp-json\/wp\/v2\/categories?post=203475"},{"taxonomy":"post_tag","embeddable":true,"href":"https:\/\/www.europesays.com\/ee\/wp-json\/wp\/v2\/tags?post=203475"}],"curies":[{"name":"wp","href":"https:\/\/api.w.org\/{rel}","templated":true}]}}